{"id":658330,"date":"2026-01-12T12:48:10","date_gmt":"2026-01-12T12:48:10","guid":{"rendered":"https:\/\/www.europesays.com\/fr\/658330\/"},"modified":"2026-01-12T12:48:10","modified_gmt":"2026-01-12T12:48:10","slug":"blandine-lehout-dans-la-vie-de-ta-mere","status":"publish","type":"post","link":"https:\/\/www.europesays.com\/fr\/658330\/","title":{"rendered":"Blandine Lehout dans \u00ab La Vie de Ta M\u00e8re \u00bb"},"content":{"rendered":"\n<p align=\"center\">BLANDINE LEHOUT<\/p>\n<p align=\"center\">\u00ab\u00a0 La Vie de Ta M\u00e8re\u00a0\u00bb<\/p>\n<p align=\"center\"><strong>Blandine, c&rsquo;est un peu la pote qu&rsquo;on aimerait avoir dans sa bande\u2026 Jeune maman, elle revendique l&rsquo;image de la femme imparfaite.<\/strong><\/p>\n<p>\u00a0<\/p>\n<p>Ce qu\u2019elle d\u00e9fend sur sc\u00e8ne, c\u2019est la vie, la vraie, sans filtre, sans retouche. Voir Blandine sur sc\u00e8ne, c\u2019est comme \u00eatre dans le salon de votre pote qui monopolise, certes, un peu l&rsquo;attention mais avec qui on passe les meilleures soir\u00e9es (inutile de pr\u00e9ciser qui a \u00e9crit ce pitch).<\/p>\n<p>Elle passe en revue sa vie de couple et les difficult\u00e9s des jeunes parents, parle des enfants moches, de savoir faire le deuil de sa vie d\u2019avant, des pulsions criminelles que l\u2019on peut avoir pour les moralisateurs, ou pour son propre conjoint, de son rapport \u00e0 la nourriture, de son double menton&#8230;<\/p>\n<p>Bref, Blandine livre un spectacle d\u00e9complexant, bourr\u00e9 d\u2019autod\u00e9rision, d\u2019un peu cynisme et de vannes percutantes.<\/p>\n","protected":false},"excerpt":{"rendered":"BLANDINE LEHOUT \u00ab\u00a0 La Vie de Ta M\u00e8re\u00a0\u00bb Blandine, c&rsquo;est un peu la pote qu&rsquo;on aimerait avoir dans&hellip;\n","protected":false},"author":2,"featured_media":658331,"comment_status":"","ping_status":"","sticky":false,"template":"","format":"standard","meta":{"footnotes":""},"categories":[2820],"tags":[1111,11,4763,2389,2649,1777,674,3696,1011,27,775,1637,12,14657,25,640,7420],"class_list":{"0":"post-658330","1":"post","2":"type-post","3":"status-publish","4":"format-standard","5":"has-post-thumbnail","7":"category-strasbourg","8":"tag-actu","9":"tag-actualites","10":"tag-agenda","11":"tag-alsace","12":"tag-bas-rhin","13":"tag-eu","14":"tag-europe","15":"tag-evenements","16":"tag-fr","17":"tag-france","18":"tag-grand-est","19":"tag-haut-rhin","20":"tag-news","21":"tag-programmes","22":"tag-republique-francaise","23":"tag-strasbourg","24":"tag-top-music"},"share_on_mastodon":{"url":"https:\/\/pubeurope.com\/@fr\/115882210415447246","error":""},"_links":{"self":[{"href":"https:\/\/www.europesays.com\/fr\/wp-json\/wp\/v2\/posts\/658330","targetHints":{"allow":["GET"]}}],"collection":[{"href":"https:\/\/www.europesays.com\/fr\/wp-json\/wp\/v2\/posts"}],"about":[{"href":"https:\/\/www.europesays.com\/fr\/wp-json\/wp\/v2\/types\/post"}],"author":[{"embeddable":true,"href":"https:\/\/www.europesays.com\/fr\/wp-json\/wp\/v2\/users\/2"}],"replies":[{"embeddable":true,"href":"https:\/\/www.europesays.com\/fr\/wp-json\/wp\/v2\/comments?post=658330"}],"version-history":[{"count":0,"href":"https:\/\/www.europesays.com\/fr\/wp-json\/wp\/v2\/posts\/658330\/revisions"}],"wp:featuredmedia":[{"embeddable":true,"href":"https:\/\/www.europesays.com\/fr\/wp-json\/wp\/v2\/media\/658331"}],"wp:attachment":[{"href":"https:\/\/www.europesays.com\/fr\/wp-json\/wp\/v2\/media?parent=658330"}],"wp:term":[{"taxonomy":"category","embeddable":true,"href":"https:\/\/www.europesays.com\/fr\/wp-json\/wp\/v2\/categories?post=658330"},{"taxonomy":"post_tag","embeddable":true,"href":"https:\/\/www.europesays.com\/fr\/wp-json\/wp\/v2\/tags?post=658330"}],"curies":[{"name":"wp","href":"https:\/\/api.w.org\/{rel}","templated":true}]}}