{"id":658344,"date":"2026-01-12T12:56:10","date_gmt":"2026-01-12T12:56:10","guid":{"rendered":"https:\/\/www.europesays.com\/fr\/658344\/"},"modified":"2026-01-12T12:56:10","modified_gmt":"2026-01-12T12:56:10","slug":"ceux-de-toulouse-sont-ils-concernes","status":"publish","type":"post","link":"https:\/\/www.europesays.com\/fr\/658344\/","title":{"rendered":"ceux de Toulouse sont-ils concern\u00e9s\u00a0?"},"content":{"rendered":"<p>                    Par<br \/>\n        <strong><br \/>\n            <a href=\"https:\/\/actu.fr\/auteur\/marie-lamarque\" title=\"Consulter tous les articles de Marie Lamarque\" target=\"_blank\" rel=\"noopener\">Marie Lamarque<\/a><br \/>\n                    <\/strong><\/p>\n<p>        Publi\u00e9 le<\/p>\n<p>            12 janv. 2026 \u00e0 11h58        <\/p>\n<p>Le groupe \u00e9tait en grande difficult\u00e9 financi\u00e8re. Il a fini <a href=\"https:\/\/actu.fr\/economie\/le-groupe-de-mode-ikks-repris-plus-de-350-magasins-et-pres-de-550-emplois-vont-disparaitre-en-france_63571085.html\" target=\"_blank\" rel=\"noopener\">par trouver repreneur<\/a>. <strong>La marque de pr\u00eat-\u00e0-porter IKKS<\/strong>, plac\u00e9e en redressement judiciaire, va finalement pouvoir se relever. Une offre de reprise a \u00e9t\u00e9 valid\u00e9e par le tribunal des activit\u00e9s \u00e9conomiques de Paris le vendredi 12 d\u00e9cembre 2025. Aux commandes ? <strong>Santiago Cucci<\/strong>, actuel pr\u00e9sident de la holding HoldIKKS et dirigeant exp\u00e9riment\u00e9 de l\u2019industrie textile, et<strong> Micha\u00ebl Benabou<\/strong>, cofondateur de Veepee (ex-Vente-priv\u00e9e).<\/p>\n<p class=\" wall-content\">Une bonne nouvelle qui s\u2019accompagne d\u2019une autre, moins r\u00e9jouissante : le groupe voit ses effectifs r\u00e9duits de moiti\u00e9, avec<strong> la perte de 546 emplois directs <\/strong>sur les 1 094 en France. Et seulement <strong>119 points de vente sont maintenus<\/strong>, tandis qu\u2019IKKS en poss\u00e9dait 473 fin ao\u00fbt.<strong> 354 magasins sont donc contraints de fermer leurs portes<\/strong>. Ceux de <a href=\"https:\/\/actu.fr\/toulouse\/\" target=\"_blank\" rel=\"noopener\">Toulouse<\/a> sont-ils concern\u00e9s ?<\/p>\n<p>Les points de vente ouverts et ferm\u00e9s<\/p>\n<p class=\" wall-content\"><strong>IKKS est bien implant\u00e9e dans la Ville rose<\/strong>, autant dans l\u2019hypercentre qu\u2019en p\u00e9riph\u00e9rie. Que les clients se rassurent, en pleine p\u00e9riode de soldes d\u2019hiver, ils pourront bien s\u2019y rendre pour faire de bonnes affaires. Aucune des boutiques n\u2019a baiss\u00e9 le rideau, <strong>hormis celle du centre commercial de Portet-sur-Garonne<\/strong>.<\/p>\n<p class=\" wall-content\">O\u00f9 se trouvent les boutiques IKKS toujours en activit\u00e9 :<\/p>\n<ul class=\" wall-content\">\n<li><strong>au 5-7 rue Saint-Antoine du T<\/strong>, dans le centre de Toulouse ;<\/li>\n<li><strong>au sein des Galeries Lafayette<\/strong>, l\u2019espace IKKS est toujours pr\u00e9sent, au 2e \u00e9tage ;<\/li>\n<li><strong>au centre commercial de Lab\u00e8ge<\/strong> ;<\/li>\n<li><strong>au centre commercial de Blagnac, <\/strong>l\u2019IKKS femmes est ouvert ; le IKKS Junior a en revanche ferm\u00e9.<\/li>\n<li>enfin, <strong>la boutique de Nailloux<\/strong> est \u00e9galement toujours ouverte.<\/li>\n<\/ul>\n<p>Vid\u00e9os : en ce moment sur Actu<br \/>\n    <img   decoding=\"async\" loading=\"lazy\" src=\"https:\/\/www.europesays.com\/fr\/wp-content\/uploads\/2026\/01\/boutique-toulouse-ikks-mode-960x640.jpg\" alt=\"La boutique IKKS, rue Saint-Antoine du T \u00e0 Toulouse.\" width=\"960\" height=\"640\"\/><br \/>\n    La boutique IKKS, rue Saint-Antoine du T \u00e0 Toulouse. (\u00a9Marie Lamarque \/ Actu Toulouse)<\/p>\n<p class=\" wall-content\">Personnalisez votre actualit\u00e9 en ajoutant vos villes et m\u00e9dias en favori avec <a href=\"https:\/\/moncompte.actu.fr\" title=\"D\u00e9couvez Mon Actu\" rel=\"nofollow noopener\" data-trk=\"{&quot;cta&quot;:{&quot;action&quot;:&quot;https:\\\/\\\/moncompte.actu.fr&quot;,&quot;category&quot;:&quot;mon compte&quot;,&quot;from&quot;:&quot;article footer&quot;,&quot;name&quot;:&quot;Mon actu&quot;,&quot;type&quot;:&quot;cta&quot;}}\" target=\"_blank\">Mon Actu<\/a>.<\/p>\n","protected":false},"excerpt":{"rendered":"Par Marie Lamarque Publi\u00e9 le 12 janv. 2026 \u00e0 11h58 Le groupe \u00e9tait en grande difficult\u00e9 financi\u00e8re. Il&hellip;\n","protected":false},"author":2,"featured_media":658345,"comment_status":"","ping_status":"","sticky":false,"template":"","format":"standard","meta":{"footnotes":""},"categories":[2816],"tags":[1111,11,215,1777,674,1011,27,12,2680,25,104,2312],"class_list":{"0":"post-658344","1":"post","2":"type-post","3":"status-publish","4":"format-standard","5":"has-post-thumbnail","7":"category-toulouse","8":"tag-actu","9":"tag-actualites","10":"tag-commerce","11":"tag-eu","12":"tag-europe","13":"tag-fr","14":"tag-france","15":"tag-news","16":"tag-occitanie","17":"tag-republique-francaise","18":"tag-societe","19":"tag-toulouse"},"share_on_mastodon":{"url":"https:\/\/pubeurope.com\/@fr\/115882241872673203","error":""},"_links":{"self":[{"href":"https:\/\/www.europesays.com\/fr\/wp-json\/wp\/v2\/posts\/658344","targetHints":{"allow":["GET"]}}],"collection":[{"href":"https:\/\/www.europesays.com\/fr\/wp-json\/wp\/v2\/posts"}],"about":[{"href":"https:\/\/www.europesays.com\/fr\/wp-json\/wp\/v2\/types\/post"}],"author":[{"embeddable":true,"href":"https:\/\/www.europesays.com\/fr\/wp-json\/wp\/v2\/users\/2"}],"replies":[{"embeddable":true,"href":"https:\/\/www.europesays.com\/fr\/wp-json\/wp\/v2\/comments?post=658344"}],"version-history":[{"count":0,"href":"https:\/\/www.europesays.com\/fr\/wp-json\/wp\/v2\/posts\/658344\/revisions"}],"wp:featuredmedia":[{"embeddable":true,"href":"https:\/\/www.europesays.com\/fr\/wp-json\/wp\/v2\/media\/658345"}],"wp:attachment":[{"href":"https:\/\/www.europesays.com\/fr\/wp-json\/wp\/v2\/media?parent=658344"}],"wp:term":[{"taxonomy":"category","embeddable":true,"href":"https:\/\/www.europesays.com\/fr\/wp-json\/wp\/v2\/categories?post=658344"},{"taxonomy":"post_tag","embeddable":true,"href":"https:\/\/www.europesays.com\/fr\/wp-json\/wp\/v2\/tags?post=658344"}],"curies":[{"name":"wp","href":"https:\/\/api.w.org\/{rel}","templated":true}]}}