{"id":658350,"date":"2026-01-12T13:00:10","date_gmt":"2026-01-12T13:00:10","guid":{"rendered":"https:\/\/www.europesays.com\/fr\/658350\/"},"modified":"2026-01-12T13:00:10","modified_gmt":"2026-01-12T13:00:10","slug":"laurent-voulzy-partage-ses-souvenirs-en-chansons-a-marseille-et-sanary","status":"publish","type":"post","link":"https:\/\/www.europesays.com\/fr\/658350\/","title":{"rendered":"Laurent Voulzy partage ses souvenirs en chansons \u00e0 Marseille et Sanary"},"content":{"rendered":"<p>Avec son complice de longue date <a href=\"https:\/\/laprovence.com\/article\/loisirs\/401874\/alain-souchon-un-live-cest-un-moment-damitie.html\" target=\"_blank\" rel=\"noopener\">Alain Souchon<\/a>, Laurent Voulzy a \u00e9crit quelques belles pages de la chanson fran\u00e7aise, de ses d\u00e9buts en\u00a01977 avec Rockollection \u00e0 Derri\u00e8re les mots en\u00a02014, un titre extrait du premier disque en commun Souchon\u00a0&amp; Voulzy, venu sceller une amiti\u00e9 artistique de 50\u00a0ans. Alors qu\u2019il travaille sur de nouvelles chansons et \u00e0 l\u2019\u00e9criture d\u2019une autobiographie, Laurent Voulzy prend plaisir \u00e0 replonger sur sc\u00e8ne dans ses souvenirs, alors qu\u2019est sorti en d\u00e9cembre un best-of (Columbia\/Sony).<\/p>\n<p><strong>Pour composer ce best-of, vous avez d\u00fb replonger dans vos souvenirs. Quels sentiments cela vous a-t-il procur\u00e9s\u00a0?<\/strong>&#13;\n<\/p>\n<p>C\u2019\u00e9tait vraiment sympa d\u2019aller piocher dans des chansons que j\u2019avais enregistr\u00e9es au cours de ma vie. Je suis aussi en train d\u2019\u00e9crire une autobiographie avec ma compagne (Isaure\u00a0Le Faou, NDLR). Tout arrive en m\u00eame temps, si vous voulez. Un peu comme ce best-of qui vient \u00e0 la fois d\u2019une id\u00e9e de mon fils, qui me sugg\u00e9rait de partir en tourn\u00e9e avec mes anciennes chansons, et ma maison de disques. Je me suis dit\u00a0: \u00ab\u00a0Apr\u00e8s tout, en attendant de sortir un album avec de nouvelles chansons sur lesquelles je suis en train de travailler, pourquoi ne pas faire ce best-of pour ac&#8230;<\/p>\n","protected":false},"excerpt":{"rendered":"Avec son complice de longue date Alain Souchon, Laurent Voulzy a \u00e9crit quelques belles pages de la chanson&hellip;\n","protected":false},"author":2,"featured_media":658351,"comment_status":"","ping_status":"","sticky":false,"template":"","format":"standard","meta":{"footnotes":""},"categories":[2814],"tags":[5734,1111,11,2935,251,1777,674,1011,27,3955,884,12,14992,882,25,2407,17074,76075],"class_list":{"0":"post-658350","1":"post","2":"type-post","3":"status-publish","4":"format-standard","5":"has-post-thumbnail","7":"category-marseille","8":"tag-5734","9":"tag-actu","10":"tag-actualites","11":"tag-chansons","12":"tag-culture","13":"tag-eu","14":"tag-europe","15":"tag-fr","16":"tag-france","17":"tag-laurent","18":"tag-marseille","19":"tag-news","20":"tag-partage","21":"tag-provence-alpes-cote-dazur","22":"tag-republique-francaise","23":"tag-ses","24":"tag-souvenirs","25":"tag-voulzy"},"share_on_mastodon":{"url":"https:\/\/pubeurope.com\/@fr\/115882257561185269","error":""},"_links":{"self":[{"href":"https:\/\/www.europesays.com\/fr\/wp-json\/wp\/v2\/posts\/658350","targetHints":{"allow":["GET"]}}],"collection":[{"href":"https:\/\/www.europesays.com\/fr\/wp-json\/wp\/v2\/posts"}],"about":[{"href":"https:\/\/www.europesays.com\/fr\/wp-json\/wp\/v2\/types\/post"}],"author":[{"embeddable":true,"href":"https:\/\/www.europesays.com\/fr\/wp-json\/wp\/v2\/users\/2"}],"replies":[{"embeddable":true,"href":"https:\/\/www.europesays.com\/fr\/wp-json\/wp\/v2\/comments?post=658350"}],"version-history":[{"count":0,"href":"https:\/\/www.europesays.com\/fr\/wp-json\/wp\/v2\/posts\/658350\/revisions"}],"wp:featuredmedia":[{"embeddable":true,"href":"https:\/\/www.europesays.com\/fr\/wp-json\/wp\/v2\/media\/658351"}],"wp:attachment":[{"href":"https:\/\/www.europesays.com\/fr\/wp-json\/wp\/v2\/media?parent=658350"}],"wp:term":[{"taxonomy":"category","embeddable":true,"href":"https:\/\/www.europesays.com\/fr\/wp-json\/wp\/v2\/categories?post=658350"},{"taxonomy":"post_tag","embeddable":true,"href":"https:\/\/www.europesays.com\/fr\/wp-json\/wp\/v2\/tags?post=658350"}],"curies":[{"name":"wp","href":"https:\/\/api.w.org\/{rel}","templated":true}]}}