{"id":658360,"date":"2026-01-12T13:06:13","date_gmt":"2026-01-12T13:06:13","guid":{"rendered":"https:\/\/www.europesays.com\/fr\/658360\/"},"modified":"2026-01-12T13:06:13","modified_gmt":"2026-01-12T13:06:13","slug":"deux-soeurs-separees-apres-le-meurtre-de-leur-mere-se-retrouvent-50-ans-plus-tard","status":"publish","type":"post","link":"https:\/\/www.europesays.com\/fr\/658360\/","title":{"rendered":"Deux s\u0153urs s\u00e9par\u00e9es apr\u00e8s le meurtre de leur m\u00e8re se retrouvent 50 ans plus tard"},"content":{"rendered":"<p>Apr\u00e8s l&rsquo;assassinat d&rsquo;Helen Barnes en 1973, tu\u00e9 \u00e0 coups de marteau par son compagnon, l&rsquo;une de ses filles a \u00e9t\u00e9 confi\u00e9e \u00e0 son premier partenaire et les trois autres \u00e0 une famille d&rsquo;accueil. Du jour au lendemain, les quatre enfants ne se sont plus jamais revues. <\/p>\n<p>\u00ab\u00a0J\u2019avais l\u2019impression qu\u2019une partie de moi avait \u00e9t\u00e9 arrach\u00e9e.\u00a0\u00bb Un matin de d\u00e9cembre\u00a01973, Theresa, Janet et leurs deux s\u0153urs ont trouv\u00e9 leur m\u00e8re inanim\u00e9e dans son lit. Leur p\u00e8re leur a alors expliqu\u00e9 qu\u2019Helen Barnes \u00ab\u00a0dormait\u00a0\u00bb et a contraint ses quatre fillettes, \u00e2g\u00e9es de huit, cinq, trois et deux ans, \u00e0 s\u2019entasser dans sa voiture. Malcolm Barnes a alors pris la route depuis Newport, au Pays de Galles, jusqu\u2019\u00e0 John O&rsquo;Groats, en <a href=\"https:\/\/www.parismatch.com\/dossiers\/ecosse\" target=\"_blank\" rel=\"noopener\">\u00c9cosse<\/a>.<\/p>\n<p>Un voyage de cinq jours qui s\u2019est termin\u00e9 par l\u2019arrestation du p\u00e8re de famille. La police ayant d\u00e9couvert que Malcolm Barnes avait tu\u00e9 sa compagne, Helen Barnes, en la frappant avec un imposant marteau. L\u2019a\u00een\u00e9e des enfants, Theresa, a alors appris qu\u2019elle n\u2019\u00e9tait pas la fille de Malcom et a \u00e9t\u00e9 envoy\u00e9e chez son p\u00e8re biologique \u00e0 Londres tandis que ses trois petites s\u0153urs ont \u00e9t\u00e9 adopt\u00e9es par une famille du Pays de Galles.<\/p>\n<p>    La suite apr\u00e8s cette publicit\u00e9<\/p>\n<p>Apr\u00e8s quoi les quatre s\u0153urs ne se sont plus jamais revues.\u00a0<\/p>\n<p>    La suite apr\u00e8s cette publicit\u00e9<\/p>\n<p>\u00ab\u00a0Je ne voulais avoir aucun regret\u00a0\u00bb<\/p>\n<p>Apr\u00e8s une vie pass\u00e9e loin de ses s\u0153urs, Theresa a entam\u00e9 des d\u00e9marches pour tenter de les retrouver durant l\u2019\u00e9t\u00e9 2025, notamment en demandant de l\u2019aide sur un groupe Facebook sp\u00e9cialis\u00e9 dans ce genre de requ\u00eates. En moins de 48\u00a0heures, la femme aujourd\u2019hui \u00e2g\u00e9e de 59\u00a0ans a retrouv\u00e9 sa cadette, Janet, 57\u00a0ans, qui l\u2019a ensuite mise en relation avec leurs deux autres s\u0153urs. \u00ab\u00a0Notre premi\u00e8re rencontre a \u00e9t\u00e9 tellement bouleversante, c\u2019\u00e9tait comme si j\u2019avais retrouv\u00e9 une partie de moi-m\u00eame\u00a0\u00bb, a t\u00e9moign\u00e9 l\u2019a\u00een\u00e9e dans \u00ab<a href=\"https:\/\/www.mirror.co.uk\/news\/uk-news\/sisters-split-up-after-dad-36529835\" target=\"_blank\" rel=\"noopener\">\u00a0The Mirror<\/a>\u00a0\u00bb.<\/p>\n<p>Theresa a expliqu\u00e9 qu\u2019\u00e0 Londres, son p\u00e8re biologique avait \u00e9t\u00e9 violent avec elle. \u00ab\u00a0J\u2019ai souvent pens\u00e9 \u00e0 contacter mes s\u0153urs, mais j\u2019\u00e9tais tellement anxieuse et j\u2019avais tellement peur d\u2019\u00eatre rejet\u00e9e\u00a0\u00bb, s\u2019est-elle souvenue. \u00ab\u00a0J\u2019ai finalement d\u00e9cid\u00e9 de les contacter parce que je me suis dit\u00a0: \u201cJe vais bient\u00f4t avoir 60\u00a0ans et je ne veux avoir aucun regret\u201d.\u00a0\u00bb De son c\u00f4t\u00e9, Janet a expliqu\u00e9 avoir longtemps culpabilis\u00e9 vis-\u00e0-vis de sa s\u0153ur, car c\u2019est son p\u00e8re qui a tu\u00e9 leur m\u00e8re.<\/p>\n<p>    La suite apr\u00e8s cette publicit\u00e9<\/p>\n<p>    La suite apr\u00e8s cette publicit\u00e9<\/p>\n<p>\u00ab Apr\u00e8s son d\u00e9part, on nous a annonc\u00e9 que nous ne la reverrions plus jamais. J&rsquo;ai eu l&rsquo;impression qu&rsquo;une partie de moi avait \u00e9t\u00e9 arrach\u00e9e.\u00a0J\u2019avais perdu les deux femmes les plus importantes de ma vie avant m\u00eame d\u2019avoir six ans, a t\u00e9moign\u00e9 Janet dans le m\u00eame m\u00e9dia. Grandir sans ma grande s\u0153ur a \u00e9t\u00e9 tr\u00e8s difficile, car nous \u00e9tions tr\u00e8s proches. La famille qui nous a adopt\u00e9es, mes deux autres s\u0153urs et moi, \u00e9tait tr\u00e8s dysfonctionnelle et, soudain, je me suis retrouv\u00e9e dans le r\u00f4le de l\u2019a\u00een\u00e9e, essayant de survivre dans un environnement hostile sans Theresa pour me prot\u00e9ger.\u00a0\u00bb<\/p>\n<p>Depuis leurs retrouvailles, les deux s\u0153urs s\u2019appellent tous les jours. \u00ab\u00a0C\u2019est comme si une partie de moi, qui avait toujours manqu\u00e9, \u00e9tait de retour. C\u2019est indescriptible\u00a0\u00bb, se r\u00e9jouit Theresa.<\/p>\n<p>Condamn\u00e9 \u00e0 la prison \u00e0 vie pour le meurtre d&rsquo;Helen Barnes, Malcolm Barnes n&rsquo;a pass\u00e9 que neuf ans derri\u00e8re les barreaux.\u00a0<\/p>\n","protected":false},"excerpt":{"rendered":"Apr\u00e8s l&rsquo;assassinat d&rsquo;Helen Barnes en 1973, tu\u00e9 \u00e0 coups de marteau par son compagnon, l&rsquo;une de ses filles&hellip;\n","protected":false},"author":2,"featured_media":658361,"comment_status":"","ping_status":"","sticky":false,"template":"","format":"standard","meta":{"footnotes":""},"categories":[1888],"tags":[1111,1928,11,1927,1777,674,1011,27,12,1926,626,1925,25],"class_list":{"0":"post-658360","1":"post","2":"type-post","3":"status-publish","4":"format-standard","5":"has-post-thumbnail","7":"category-paris","8":"tag-actu","9":"tag-actu-paris","10":"tag-actualites","11":"tag-actualites-paris","12":"tag-eu","13":"tag-europe","14":"tag-fr","15":"tag-france","16":"tag-news","17":"tag-news-paris","18":"tag-paris","19":"tag-paris-news","20":"tag-republique-francaise"},"share_on_mastodon":{"url":"https:\/\/pubeurope.com\/@fr\/115882281212758024","error":""},"_links":{"self":[{"href":"https:\/\/www.europesays.com\/fr\/wp-json\/wp\/v2\/posts\/658360","targetHints":{"allow":["GET"]}}],"collection":[{"href":"https:\/\/www.europesays.com\/fr\/wp-json\/wp\/v2\/posts"}],"about":[{"href":"https:\/\/www.europesays.com\/fr\/wp-json\/wp\/v2\/types\/post"}],"author":[{"embeddable":true,"href":"https:\/\/www.europesays.com\/fr\/wp-json\/wp\/v2\/users\/2"}],"replies":[{"embeddable":true,"href":"https:\/\/www.europesays.com\/fr\/wp-json\/wp\/v2\/comments?post=658360"}],"version-history":[{"count":0,"href":"https:\/\/www.europesays.com\/fr\/wp-json\/wp\/v2\/posts\/658360\/revisions"}],"wp:featuredmedia":[{"embeddable":true,"href":"https:\/\/www.europesays.com\/fr\/wp-json\/wp\/v2\/media\/658361"}],"wp:attachment":[{"href":"https:\/\/www.europesays.com\/fr\/wp-json\/wp\/v2\/media?parent=658360"}],"wp:term":[{"taxonomy":"category","embeddable":true,"href":"https:\/\/www.europesays.com\/fr\/wp-json\/wp\/v2\/categories?post=658360"},{"taxonomy":"post_tag","embeddable":true,"href":"https:\/\/www.europesays.com\/fr\/wp-json\/wp\/v2\/tags?post=658360"}],"curies":[{"name":"wp","href":"https:\/\/api.w.org\/{rel}","templated":true}]}}