{"id":658364,"date":"2026-01-12T13:08:11","date_gmt":"2026-01-12T13:08:11","guid":{"rendered":"https:\/\/www.europesays.com\/fr\/658364\/"},"modified":"2026-01-12T13:08:11","modified_gmt":"2026-01-12T13:08:11","slug":"radio-intensite-orgeres-en-beauce-theatre-interactif-les-pieds-dans-le-tapis","status":"publish","type":"post","link":"https:\/\/www.europesays.com\/fr\/658364\/","title":{"rendered":"RADIO INTENSITE | ORG\u00c8RES-EN-BEAUCE &#8211; Th\u00e9\u00e2tre interactif\u00a0: Les pieds dans le tapis"},"content":{"rendered":"\n<p lang=\"fr-FR\" align=\"JUSTIFY\">Lundi 26 janvier \u00e0 14h00 \u00e0 la salle des f\u00eates d&rsquo;Org\u00e8res-en-Beauce\u00a0: Les pieds dans le tapis. Th\u00e9\u00e2tre interactif par le Th\u00e9\u00e2tre du Chaos. Entr\u00e9e gratuite. <\/p>\n<p lang=\"fr-FR\" align=\"JUSTIFY\">Une pi\u00e8ce ludique et pleine d&rsquo;humour.<\/p>\n<p lang=\"fr-FR\" align=\"JUSTIFY\">Jeanne vit seule dans sa maison depuis la disparition de son mari Michel. Alors que son amie Fabienne lui rend visite, Jeanne se pr\u00e9cipite et fait une chute dans sa baignoire.<\/p>\n<p lang=\"fr-FR\" align=\"JUSTIFY\">Am\u00e9nager son domicile\u00a0? Jeanne est plut\u00f4t r\u00e9calcitrante. \u00c0 la demande de Fabienne, Germain, retrait\u00e9, parcourt la maison avec Jeanne et souligne au passage tous les risques en lui proposant diverses astuces pour s\u00e9curiser sa maison. Tout y passe dans une ambiance o\u00f9, avec le caract\u00e8re bien tremp\u00e9 de Jeanne, l&rsquo;humour est de sortie. Une idylle va-t-elle s&rsquo;instaurer entre Jeanne et Germain\u00a0? Gr\u00e2ce \u00e0 Germain \u00e0 votre perspicacit\u00e9. Jeanne prendra-t-elle conscience des risques qui l&rsquo;entourent\u00a0?<\/p>\n<p lang=\"fr-FR\" align=\"JUSTIFY\">De Georges de Cagliari. Mise en sc\u00e8ne Sara Veyron.<\/p>\n","protected":false},"excerpt":{"rendered":"Lundi 26 janvier \u00e0 14h00 \u00e0 la salle des f\u00eates d&rsquo;Org\u00e8res-en-Beauce\u00a0: Les pieds dans le tapis. Th\u00e9\u00e2tre interactif&hellip;\n","protected":false},"author":2,"featured_media":658365,"comment_status":"","ping_status":"","sticky":false,"template":"","format":"standard","meta":{"footnotes":""},"categories":[1888],"tags":[11,4763,20887,20886,4396,10036,340,5738,6961,4150,650,1697,20888,1777,1939,674,3696,1349,20889,19290,8181,1011,27,20883,5590,6653,330,1351,10265,20890,635,2742,12,626,4838,6426,1825,20891,20885,11725,17385,25,20892,20893,20894,20895,20896,14356,3552,16335,20884,853,517,20897,602,20898,20899],"class_list":{"0":"post-658364","1":"post","2":"type-post","3":"status-publish","4":"format-standard","5":"has-post-thumbnail","7":"category-paris","8":"tag-actualites","9":"tag-agenda","10":"tag-agenda-complet","11":"tag-agenda-eure-et-loir","12":"tag-atelier","13":"tag-ateliers","14":"tag-bourse","15":"tag-bourses","16":"tag-brocante","17":"tag-ceremonie","18":"tag-cinema","19":"tag-concert","20":"tag-dons-du-sang","21":"tag-eu","22":"tag-eure-et-loir","23":"tag-europe","24":"tag-evenements","25":"tag-expositions","26":"tag-fetes-foraines","27":"tag-feux-dartifices","28":"tag-foires","29":"tag-fr","30":"tag-france","31":"tag-idees-sorties","32":"tag-intensite","33":"tag-jeune-public","34":"tag-jeux","35":"tag-litterature","36":"tag-loto","37":"tag-lotos","38":"tag-marches","39":"tag-nature","40":"tag-news","41":"tag-paris","42":"tag-peche","43":"tag-petanque","44":"tag-radio","45":"tag-randonnees","46":"tag-region-centre-val-de-loir","47":"tag-religions","48":"tag-repas","49":"tag-republique-francaise","50":"tag-reunions","51":"tag-saison-halloween","52":"tag-saison-noel","53":"tag-saison-telethon","54":"tag-saisons-culturelles","55":"tag-salons","56":"tag-seniors","57":"tag-soirees","58":"tag-sortir-en-eure-et-loir","59":"tag-spectacles","60":"tag-sport","61":"tag-thes-dansants","62":"tag-tourisme","63":"tag-ventes-aux-encheres","64":"tag-visites"},"share_on_mastodon":{"url":"","error":"Validation failed: Text character limit of 500 exceeded"},"_links":{"self":[{"href":"https:\/\/www.europesays.com\/fr\/wp-json\/wp\/v2\/posts\/658364","targetHints":{"allow":["GET"]}}],"collection":[{"href":"https:\/\/www.europesays.com\/fr\/wp-json\/wp\/v2\/posts"}],"about":[{"href":"https:\/\/www.europesays.com\/fr\/wp-json\/wp\/v2\/types\/post"}],"author":[{"embeddable":true,"href":"https:\/\/www.europesays.com\/fr\/wp-json\/wp\/v2\/users\/2"}],"replies":[{"embeddable":true,"href":"https:\/\/www.europesays.com\/fr\/wp-json\/wp\/v2\/comments?post=658364"}],"version-history":[{"count":0,"href":"https:\/\/www.europesays.com\/fr\/wp-json\/wp\/v2\/posts\/658364\/revisions"}],"wp:featuredmedia":[{"embeddable":true,"href":"https:\/\/www.europesays.com\/fr\/wp-json\/wp\/v2\/media\/658365"}],"wp:attachment":[{"href":"https:\/\/www.europesays.com\/fr\/wp-json\/wp\/v2\/media?parent=658364"}],"wp:term":[{"taxonomy":"category","embeddable":true,"href":"https:\/\/www.europesays.com\/fr\/wp-json\/wp\/v2\/categories?post=658364"},{"taxonomy":"post_tag","embeddable":true,"href":"https:\/\/www.europesays.com\/fr\/wp-json\/wp\/v2\/tags?post=658364"}],"curies":[{"name":"wp","href":"https:\/\/api.w.org\/{rel}","templated":true}]}}