{"id":658377,"date":"2026-01-12T13:15:17","date_gmt":"2026-01-12T13:15:17","guid":{"rendered":"https:\/\/www.europesays.com\/fr\/658377\/"},"modified":"2026-01-12T13:15:17","modified_gmt":"2026-01-12T13:15:17","slug":"la-situation-en-europe-et-dans-le-monde-est-grave-la-mise-en-garde-de-carl-xvi-gustaf-de-suede","status":"publish","type":"post","link":"https:\/\/www.europesays.com\/fr\/658377\/","title":{"rendered":"\u00ab\u00a0La situation en Europe et dans le monde est grave\u00a0\u00bb : la mise en garde de Carl XVI Gustaf de Su\u00e8de"},"content":{"rendered":"<p class=\"mb-4 text-lg md:leading-8 break-words\">Le sourire aux l\u00e8vres, elle l&#8217;embrasse tendrement, ravie de retrouver son p\u00e8re apr\u00e8s les f\u00eates. Ce 11 janvier 2026, la <a href=\"https:\/\/www.pointdevue.fr\/grand-angle\/biographies\/victoria-de-suede\" rel=\"nofollow noopener\" target=\"_blank\" data-ylk=\"slk:princesse h\u00e9riti\u00e8re Victoria de Su\u00e8de;elm:context_link;itc:0;sec:content-canvas\" class=\"link \">princesse h\u00e9riti\u00e8re Victoria de Su\u00e8de<\/a> se trouve aux c\u00f4t\u00e9s du <a href=\"https:\/\/www.pointdevue.fr\/grand-angle\/biographies\/roi-carl-xvi-gustaf-de-suede\" rel=\"nofollow noopener\" target=\"_blank\" data-ylk=\"slk:roi Carl XVI Gustaf;elm:context_link;itc:0;sec:content-canvas\" class=\"link \">roi Carl XVI Gustaf<\/a> pour <strong>l\u2019ouverture de la conf\u00e9rence nationale du peuple et de la d\u00e9fense, leur premi\u00e8re sortie officielle en ce d\u00e9but d\u2019ann\u00e9e.<\/strong> Cet \u00e9v\u00e9nement se tient au H\u00f6gfj\u00e4llshotellet \u2013 l\u2019h\u00f4tel de haute montagne en fran\u00e7ais \u2013 de <strong>S\u00e4len<\/strong>, dans l\u2019ouest du pays, non loin de la fronti\u00e8re norv\u00e9gienne. Cr\u00e9\u00e9 voici 80 ans, \u00ab\u00a0il est consacr\u00e9 \u00e0 la politique de s\u00e9curit\u00e9, \u00e0 la d\u00e9fense et \u00e0 la pr\u00e9paration aux situations de crise dans la soci\u00e9t\u00e9\u00a0\u00bb, explique le <a href=\"https:\/\/www.kungahuset.se\/arkiv\/nyheter\/2026-01-11-kungen-och-kronprinsessan-pa--folk-och-forsvar\" rel=\"nofollow noopener\" target=\"_blank\" data-ylk=\"slk:palais royal de Stockholm;elm:context_link;itc:0;sec:content-canvas\" class=\"link \">palais royal de Stockholm<\/a>. Outre le souverain et sa fille a\u00een\u00e9e, quelque 400 participants et une soixantaine d\u2019intervenants ont fait le d\u00e9placement \u00e0 S\u00e4len.<\/p>\n<p class=\"mb-4 text-lg md:leading-8 break-words\">Cette \u00e9dition dont le th\u00e8me est \u00ab\u00a0Capacit\u00e9 d\u2019action et r\u00e9sultats\u00a0\u00bb s\u2019ouvre \u00e0 la mi-journ\u00e9e sur <a href=\"https:\/\/folkochforsvar.se\/wp-content\/uploads\/rikskonferensen-2026-program-08012026-2.pdf\" rel=\"nofollow noopener\" target=\"_blank\" data-ylk=\"slk:une premi\u00e8re partie baptis\u00e9e &quot;Naviguer dans un monde agit\u00e9&quot;;elm:context_link;itc:0;sec:content-canvas\" class=\"link \">une premi\u00e8re partie baptis\u00e9e \u00ab\u00a0Naviguer dans un monde agit\u00e9\u00a0\u00bb<\/a>. <strong>Jan-Olof Jacke et Maud Holma von Heijne, respectivement pr\u00e9sident et secr\u00e9taire g\u00e9n\u00e9rale de Folk och F\u00f6rsvar<\/strong>, l\u2019association qui organise cette conf\u00e9rence, souhaitent la bienvenue aux invit\u00e9s avant que Carl XVI Gustaf de Su\u00e8de monte sur sc\u00e8ne. \u00ab\u00a0Beaucoup de choses ont chang\u00e9 en 80 ans\u00a0\u00bb, <a href=\"https:\/\/www.kungahuset.se\/arkiv\/tal\/2026-01-11-h.m.-konungens-tal-vid-folk-och-forsvars-80-arsjubilerande-rikskonferens\" rel=\"nofollow noopener\" target=\"_blank\" data-ylk=\"slk:reconna\u00eet-il;elm:context_link;itc:0;sec:content-canvas\" class=\"link \">reconna\u00eet-il<\/a>, \u00e9voquant des modifications dans sa dur\u00e9e, son lieu de rassemblement ou encore sa couverture m\u00e9diatique. \u00ab\u00a0La conf\u00e9rence est devenue <strong>un lieu de rencontre privil\u00e9gi\u00e9 <\/strong>pour les organisations membres, les d\u00e9cideurs, les autorit\u00e9s, les experts et les leaders d\u2019opinion\u00a0\u00bb, souligne le roi.<\/p>\n<p class=\"mb-4 text-lg md:leading-8 break-words\"><strong>Sa premi\u00e8re participation \u00e0 la Rikskonferensen remonte \u00e0 50 ans.<\/strong> \u00ab\u00a0Le d\u00e9veloppement de la d\u00e9fense totale\u00a0\u00bb avait \u00e9t\u00e9 \u00e0 l\u2019\u00e9poque choisi comme sujet des discussions. \u00ab\u00a0C&rsquo;est encore aujourd&rsquo;hui une question tr\u00e8s actuelle, d\u00e9clare Carl XVI Gustaf de Su\u00e8de. <strong>La situation en Europe et dans le monde est grave. <\/strong>C&rsquo;est pr\u00e9cis\u00e9ment pour cette raison qu&rsquo;il est plus important que jamais que les diff\u00e9rents acteurs de la soci\u00e9t\u00e9 se r\u00e9unissent pour discuter des d\u00e9fis auxquels nous sommes confront\u00e9s et, surtout, de la mani\u00e8re dont nous allons les relever.\u00a0\u00bb <strong>Des mots forts alors que la situation g\u00e9opolitique est en effet des plus complexes. <\/strong>Et ce, aux quatre coins du monde : qu\u2019il s\u2019agisse de la capture du pr\u00e9sident v\u00e9n\u00e9zu\u00e9lien Nicolas Maduro par les \u00c9tats-Unis, des menaces du pr\u00e9sident Trump pour s\u2019emparer du Groenland, territoire autonome danois, des manifestations en Iran ou encore de la guerre en Ukraine.<\/p>\n<p>\u00ab\u00a0Respecter l&rsquo;ordre mondial\u00a0\u00bb<\/p>\n<p class=\"mb-4 text-lg md:leading-8 break-words\"><strong>La princesse h\u00e9riti\u00e8re \u00e9coute attentivement son p\u00e8re tout en prenant des notes dans son carnet. <\/strong>Le roi Carl XVI Gustaf est habitu\u00e9 \u00e0 s\u2019exprimer lors de cet \u00e9v\u00e9nement. La premi\u00e8re fois, rappelle-t-il, c\u2019\u00e9tait il y a 20 ans d\u00e9j\u00e0. \u00ab\u00a0J&rsquo;avais d\u00e9clar\u00e9 que la politique de d\u00e9fense concernait l&rsquo;ind\u00e9pendance de notre pays. Et que la s\u00e9curit\u00e9 allait bien au-del\u00e0. <strong>L&rsquo;objectif est de cr\u00e9er un monde meilleur<\/strong>, avec des nations stables o\u00f9 chacun peut vivre en paix et en libert\u00e9. Celui-ci doit \u00eatre r\u00e9affirm\u00e9 aujourd\u2019hui\u00a0\u00bb, insiste-t-il. \u00ab\u00a0Apr\u00e8s l&rsquo;invasion \u00e0 grande \u00e9chelle de l&rsquo;Ukraine par la Russie et dans un contexte international fortement d\u00e9t\u00e9rior\u00e9, nous ne pouvons plus tenir notre s\u00e9curit\u00e9 pour acquise\u00a0\u00bb, poursuit le souverain su\u00e9dois. <strong>En f\u00e9vrier prochain, cela fera quatre ans que la guerre entre les deux pays a commenc\u00e9.<\/strong> \u00ab\u00a0La d\u00e9claration commune sur les garanties de s\u00e9curit\u00e9 pour l&rsquo;Ukraine, issue du sommet de Paris il y a quelques jours, est importante non seulement pour l&rsquo;Ukraine, mais aussi pour notre propre s\u00e9curit\u00e9 et celle de toute l&rsquo;Europe.\u00a0\u00bb<\/p>\n<p class=\"mb-4 text-lg md:leading-8 break-words\">Fid\u00e8le soutien de Volodymyr Zelensky, la Su\u00e8de avait d\u2019ailleurs rompu avec sa traditionnelle politique de neutralit\u00e9 pour rejoindre l\u2019OTAN dont elle est devenue membre en mars 2024. <strong>\u00ab\u00a0Il est toujours important de d\u00e9fendre le droit international et de respecter l&rsquo;ordre mondial,<\/strong> qui repose sur les principes de souverainet\u00e9 des \u00c9tats et de droit \u00e0 l&rsquo;autod\u00e9termination\u00a0\u00bb, souligne Carl XVI Gustaf de Su\u00e8de. Tout comme son p\u00e8re, Victoria de Su\u00e8de s\u2019int\u00e9resse pleinement aux questions g\u00e9opolitiques. En ao\u00fbt 2024, elle entamait une formation sp\u00e9ciale d\u2019officier \u00e0 l\u2019\u00c9cole de la d\u00e9fense nationale. \u00ab\u00a0Alors que la conf\u00e9rence nationale du peuple et de la d\u00e9fense f\u00eate ses 80 ans, nous nous rappelons l&rsquo;importance de d\u00e9fendre sans rel\u00e2che notre s\u00e9curit\u00e9 commune\u00a0\u00bb, \u00e9voque le roi en guise de conclusion. \u00ab\u00a0C&rsquo;est une responsabilit\u00e9 sociale que nous partageons tous, tout comme celle de maintenir le dialogue et de renforcer notre coh\u00e9sion pour le bien de la Su\u00e8de. <strong>La conf\u00e9rence nationale est et reste un forum important et ouvert pour la paix, la libert\u00e9 et la d\u00e9mocratie !<\/strong>\u00ab\u00a0<\/p>\n<p class=\"mb-4 text-lg md:leading-8 break-words\">Ce 12 janvier 2026, le roi Carl XVI Gustaf et Victoria de Su\u00e8de participeront \u00e0 la deuxi\u00e8me journ\u00e9e d\u2019\u00e9changes qui portera notamment sur la s\u00e9curit\u00e9 par la coop\u00e9ration, le d\u00e9veloppement et livraison en situation r\u00e9elle et la capacit\u00e9 de livraison de la d\u00e9fense totale. La princesse h\u00e9riti\u00e8re assistera ensuite seule \u00e0 la fin de la Rikskonferensen qui aura lieu le lendemain \u00e0 S\u00e4len.<\/p>\n<p class=\"mb-4 text-lg md:leading-8 break-words\">Lire aussi &gt;&gt; <a href=\"https:\/\/www.pointdevue.fr\/royal\/suede\/2026-lannee-festive-de-carl-xvi-gustaf-et-silvia-de-suede\" rel=\"nofollow noopener\" target=\"_blank\" data-ylk=\"slk:2026, l\u2019ann\u00e9e festive de Carl XVI Gustaf et Silvia de Su\u00e8de;elm:context_link;itc:0;sec:content-canvas\" class=\"link \">2026, l\u2019ann\u00e9e festive de Carl XVI Gustaf et Silvia de Su\u00e8de<\/a><\/p>\n","protected":false},"excerpt":{"rendered":"Le sourire aux l\u00e8vres, elle l&#8217;embrasse tendrement, ravie de retrouver son p\u00e8re apr\u00e8s les f\u00eates. Ce 11 janvier&hellip;\n","protected":false},"author":2,"featured_media":658378,"comment_status":"","ping_status":"","sticky":false,"template":"","format":"standard","meta":{"footnotes":""},"categories":[1586],"tags":[11,48094,1777,674,1011,27,1877,34719,12,76079,25,76078],"class_list":{"0":"post-658377","1":"post","2":"type-post","3":"status-publish","4":"format-standard","5":"has-post-thumbnail","7":"category-europe","8":"tag-actualites","9":"tag-carl-xvi-gustaf","10":"tag-eu","11":"tag-europe","12":"tag-fr","13":"tag-france","14":"tag-la-defense","15":"tag-la-societe","16":"tag-news","17":"tag-palais-royal-de-stockholm","18":"tag-republique-francaise","19":"tag-victoria-de-suede"},"share_on_mastodon":{"url":"https:\/\/pubeurope.com\/@fr\/115882316556009052","error":""},"_links":{"self":[{"href":"https:\/\/www.europesays.com\/fr\/wp-json\/wp\/v2\/posts\/658377","targetHints":{"allow":["GET"]}}],"collection":[{"href":"https:\/\/www.europesays.com\/fr\/wp-json\/wp\/v2\/posts"}],"about":[{"href":"https:\/\/www.europesays.com\/fr\/wp-json\/wp\/v2\/types\/post"}],"author":[{"embeddable":true,"href":"https:\/\/www.europesays.com\/fr\/wp-json\/wp\/v2\/users\/2"}],"replies":[{"embeddable":true,"href":"https:\/\/www.europesays.com\/fr\/wp-json\/wp\/v2\/comments?post=658377"}],"version-history":[{"count":0,"href":"https:\/\/www.europesays.com\/fr\/wp-json\/wp\/v2\/posts\/658377\/revisions"}],"wp:featuredmedia":[{"embeddable":true,"href":"https:\/\/www.europesays.com\/fr\/wp-json\/wp\/v2\/media\/658378"}],"wp:attachment":[{"href":"https:\/\/www.europesays.com\/fr\/wp-json\/wp\/v2\/media?parent=658377"}],"wp:term":[{"taxonomy":"category","embeddable":true,"href":"https:\/\/www.europesays.com\/fr\/wp-json\/wp\/v2\/categories?post=658377"},{"taxonomy":"post_tag","embeddable":true,"href":"https:\/\/www.europesays.com\/fr\/wp-json\/wp\/v2\/tags?post=658377"}],"curies":[{"name":"wp","href":"https:\/\/api.w.org\/{rel}","templated":true}]}}