{"id":658393,"date":"2026-01-12T13:27:10","date_gmt":"2026-01-12T13:27:10","guid":{"rendered":"https:\/\/www.europesays.com\/fr\/658393\/"},"modified":"2026-01-12T13:27:10","modified_gmt":"2026-01-12T13:27:10","slug":"caliste-chainel-javais-perdu-le-moral-actualite","status":"publish","type":"post","link":"https:\/\/www.europesays.com\/fr\/658393\/","title":{"rendered":"Caliste Chainel : \u00ab J\u2019avais perdu le moral \u00bb &#8211; Actualit\u00e9"},"content":{"rendered":"<p dir=\"ltr\"><strong>Il n\u2019\u00e9tait pas loin de r\u00e9aliser un bien joli coup mais \u00e9choue finalement au pied du podium. Dimanche matin, Caliste Chainel est pass\u00e9 <a href=\"https:\/\/www.directvelo.com\/actualite\/126357\/cc-championnat-de-france-u19-hommes-classement\" target=\"_blank\" rel=\"noopener\">tout pr\u00e8s de la m\u00e9daille<\/a> lors du Championnat de France Juniors de cyclo-cross. Pas de regrets pour autant pour celui qui assure \u00eatre tr\u00e8s satisfait de sa performance \u00e0 Troyes. DirectVelo \u00e9tait pr\u00e9sent sur place pour recueillir la r\u00e9action du coureur de 17 ans. <\/strong><\/p>\n<p dir=\"ltr\"><strong>DirectVelo : On t\u2019imagine frustr\u00e9 de passer aussi pr\u00e8s du podium\u2026<\/strong><br \/>Caliste Chainel : On peut se dire que finir 4e est une d\u00e9ception, mais je suis super content. \u00c7a fait deux-trois semaines que c&rsquo;est dur de s&rsquo;entra\u00eener, j&rsquo;avais perdu le moral. Aujourd\u2019hui, je suis tr\u00e8s content de faire 4e, d&rsquo;avoir pu me battre avec Victor (Devos) et Soen (Le Pann). Je ne m&rsquo;attendais pas \u00e0 \u00eatre \u00e0 leur niveau, de pouvoir me battre \u00e0 l&rsquo;avant.<\/p>\n<p><strong>Mais le circuit \u00e9tait \u00e0 ton avantage ?<\/strong><br \/>Sur un circuit boueux et glissant, j&rsquo;\u00e9tais l\u2019un des meilleurs techniquement. Je sentais que Soen et Victor faisaient des erreurs, et c&rsquo;est sur \u00e7a que je les reprenais. En revanche, sur les parties roulantes, c&rsquo;est l\u00e0 qu&rsquo;ils me faisaient mal. Encore une fois, je suis super content, je me suis r\u00e9gal\u00e9, il y avait de l&rsquo;ambiance. Hier (samedi, lors du relais mixte des comit\u00e9s r\u00e9gionaux, NDLR), avec les copains on a fait podium, je suis trop content aussi. J&rsquo;esp\u00e8re que la saison n&rsquo;est pas termin\u00e9e. Aller sur des manches de Coupe du Monde et au Mondial, si je suis s\u00e9lectionn\u00e9, peut me permettre de me motiver et de m&rsquo;entra\u00eener \u00e0 fond.<\/p>\n<p><strong>\u00ab J\u2019AVAIS UN PEU MAL \u00c0 LA T\u00caTE \u00bb<\/strong><\/p>\n<p><strong>Sur le bord du circuit, ton oncle te criait de ne pas te griller les ailes en revenant trop vite sur Victor Devos et Soen Le Pann en d\u00e9but de course\u2026<\/strong><br \/>Tout le monde me criait dessus pendant la course, j&rsquo;avais un peu mal \u00e0 la t\u00eate. On m&rsquo;encourageait super fort mais j&rsquo;essayais de rester concentr\u00e9, de n&rsquo;\u00e9couter personne. Je suis super content parce qu\u2019avec mon beau-p\u00e8re Nils, on a pr\u00e9par\u00e9 la course le plus possible, et c&rsquo;est aussi gr\u00e2ce \u00e0 lui que j&rsquo;ai pu \u00eatre en forme aujourd&rsquo;hui. Je ne m&rsquo;y attendais pas du tout. C&rsquo;est un des premiers Championnats de France que je r\u00e9ussis vraiment. Je m\u2019\u00e9tais pris des branl\u00e9es dans mes deux Championnats de France en Cadets. C&rsquo;\u00e9tait tr\u00e8s difficile donc je suis super content de venir chercher une m\u00e9daille en chocolat.<\/p>\n<p dir=\"ltr\"><strong>Tu avais parfaitement lanc\u00e9 ton Championnat en r\u00e9alisant un excellent d\u00e9part, peut-\u00eatre bien le meilleur de tous !<\/strong><br \/>Je pr\u00e9pare souvent les d\u00e9parts. Hier, sur le relais, je n&rsquo;ai pas \u00e9t\u00e9 bon sur un tour. \u00c7a m&rsquo;a malgr\u00e9 tout bien d\u00e9bloqu\u00e9, je pense, pour aujourd&rsquo;hui. Je savais qu&rsquo;il fallait \u00eatre le mieux plac\u00e9 possible pour le premier d\u00e9vers, parce que c&rsquo;est l\u00e0 que les \u00e9carts allaient \u00eatre creus\u00e9s. Avec mon beau-p\u00e8re, on a regard\u00e9 les courses hier, c&rsquo;est toujours l\u00e0 que le premier groupe se fait. Je suis rentr\u00e9 4e, je crois, dans le d\u00e9vers. Je n&rsquo;ai pas voulu frotter, je n&rsquo;ai pas voulu tomber. Je suis rest\u00e9 propre toute la course sans faire d&rsquo;erreurs. C&rsquo;est \u00e7a qui me permet de faire une aussi belle course.<\/p>\n<p><strong>\u00ab CE SONT DES MECS QUE J&rsquo;ID\u00c9ALISE \u00bb<\/strong><\/p>\n<p><strong>M\u00eame si tu as fini par perdre le contact dans la course aux m\u00e9dailles\u2026<\/strong><br \/>C\u2019\u00e9tait dans les parties roulantes. Apr\u00e8s le deuxi\u00e8me passage au poste, ce sont des grosses parties roulantes et je manque de Watts par rapport aux routiers. C&rsquo;est l\u00e0 que j\u2019ai perdu du temps. Mais en m\u00eame temps, je suis revenu dans toutes les parties techniques. Je le vois techniquement, je suis au-dessus de tout le monde, sans me vanter.<\/p>\n<p><strong>As-tu gard\u00e9 l\u2019espoir de d\u00e9crocher une m\u00e9daille jusqu\u2019au bout ?<\/strong><br \/>Forc\u00e9ment, j&rsquo;y pensais mais c&rsquo;est dur mentalement de se dire d&rsquo;aller battre Victor (Devos) et Soen (Le Pann). Ce sont des mecs que j&rsquo;id\u00e9alise. D\u00e9j\u00e0 d&rsquo;\u00eatre avec eux\u2026 J&rsquo;ai fait le sprint, j&rsquo;ai tout fait \u00e0 bloc dans le dernier tour, c&rsquo;\u00e9tait compliqu\u00e9. Mais je me suis quand m\u00eame r\u00e9gal\u00e9.<\/p>\n","protected":false},"excerpt":{"rendered":"Il n\u2019\u00e9tait pas loin de r\u00e9aliser un bien joli coup mais \u00e9choue finalement au pied du podium. Dimanche&hellip;\n","protected":false},"author":2,"featured_media":658394,"comment_status":"","ping_status":"","sticky":false,"template":"","format":"standard","meta":{"footnotes":""},"categories":[1411],"tags":[834,828,836,829,837,827,83,826,824,823,1154,207,814,817,815,816,822,821,832,211,839,1011,27,820,818,819,835,831,830,833,838,60,212,208,825],"class_list":{"0":"post-658393","1":"post","2":"type-post","3":"status-publish","4":"format-standard","5":"has-post-thumbnail","7":"category-cyclisme","8":"tag-attaque","9":"tag-belgique","10":"tag-braquet","11":"tag-bretagne","12":"tag-chute","13":"tag-competition","14":"tag-coupe-de-france","15":"tag-coureur","16":"tag-course-cyclisme","17":"tag-course-cycliste","18":"tag-cycling","19":"tag-cyclisme","20":"tag-direct","21":"tag-direct-velo","22":"tag-directvelo","23":"tag-directvelo-com","24":"tag-epreuve","25":"tag-epreuve-cycliste","26":"tag-federation-francaise-de-cyclisme","27":"tag-ffc","28":"tag-flandres","29":"tag-fr","30":"tag-france","31":"tag-live","32":"tag-live-course","33":"tag-live-epreuve","34":"tag-peloton","35":"tag-radio-peloton","36":"tag-radio-tour","37":"tag-ravitaillement","38":"tag-relance","39":"tag-sports","40":"tag-uci","41":"tag-velo","42":"tag-velos"},"share_on_mastodon":{"url":"https:\/\/pubeurope.com\/@fr\/115882363683948990","error":""},"_links":{"self":[{"href":"https:\/\/www.europesays.com\/fr\/wp-json\/wp\/v2\/posts\/658393","targetHints":{"allow":["GET"]}}],"collection":[{"href":"https:\/\/www.europesays.com\/fr\/wp-json\/wp\/v2\/posts"}],"about":[{"href":"https:\/\/www.europesays.com\/fr\/wp-json\/wp\/v2\/types\/post"}],"author":[{"embeddable":true,"href":"https:\/\/www.europesays.com\/fr\/wp-json\/wp\/v2\/users\/2"}],"replies":[{"embeddable":true,"href":"https:\/\/www.europesays.com\/fr\/wp-json\/wp\/v2\/comments?post=658393"}],"version-history":[{"count":0,"href":"https:\/\/www.europesays.com\/fr\/wp-json\/wp\/v2\/posts\/658393\/revisions"}],"wp:featuredmedia":[{"embeddable":true,"href":"https:\/\/www.europesays.com\/fr\/wp-json\/wp\/v2\/media\/658394"}],"wp:attachment":[{"href":"https:\/\/www.europesays.com\/fr\/wp-json\/wp\/v2\/media?parent=658393"}],"wp:term":[{"taxonomy":"category","embeddable":true,"href":"https:\/\/www.europesays.com\/fr\/wp-json\/wp\/v2\/categories?post=658393"},{"taxonomy":"post_tag","embeddable":true,"href":"https:\/\/www.europesays.com\/fr\/wp-json\/wp\/v2\/tags?post=658393"}],"curies":[{"name":"wp","href":"https:\/\/api.w.org\/{rel}","templated":true}]}}