{"id":658415,"date":"2026-01-12T13:39:14","date_gmt":"2026-01-12T13:39:14","guid":{"rendered":"https:\/\/www.europesays.com\/fr\/658415\/"},"modified":"2026-01-12T13:39:14","modified_gmt":"2026-01-12T13:39:14","slug":"le-prix-du-gaz-passe-sous-les-10-centimes-au-1er-fevrier-mais-votre-facture-pourrait-grimper","status":"publish","type":"post","link":"https:\/\/www.europesays.com\/fr\/658415\/","title":{"rendered":"le prix du gaz passe sous les 10 centimes au 1er f\u00e9vrier, mais votre facture pourrait grimper"},"content":{"rendered":"<p>              <img decoding=\"async\" class=\"article-author__picture webp\" src=\"https:\/\/www.europesays.com\/fr\/wp-content\/uploads\/2025\/04\/matias-perea-85px.jpg.webp\" alt=\"Matias Perea\"\/><\/p>\n<p class=\"article-author__info--name\"> Par<br \/>\n                      <a href=\"https:\/\/selectra.info\/equipe\/matias\" target=\"_blank\" rel=\"noopener author\"> Matias Perea <\/a><\/p>\n<p class=\"article-author__info--description\"> Analyste \u00c9nergie <\/p>\n<p>        Publi\u00e9 le<\/p>\n<p>                                12\/01\/2026<\/p>\n<p>            min de lecture\n        <\/p>\n<p>Sauf indication contraire, tous les prix pr\u00e9sent\u00e9s sur cette page sont TTC.<\/p>\n<p>  <img decoding=\"async\" class=\"new-ads__card-logo\" src=\"https:\/\/www.europesays.com\/fr\/wp-content\/uploads\/2025\/04\/gaz.png\" alt=\"logo\" loading=\"lazy\"\/><\/p>\n<p class=\"new-ads__card-title\">Souscrivez du gaz moins cher avec Selectra !<\/p>\n<p class=\"new-ads__card-description\">R\u00e9duisez vos factures et souscrivez une offre \u00e9conomique et adapt\u00e9e \u00e0 vos besoins<\/p>\n<p>        <img decoding=\"async\" class=\"new-ads__card-logo\" src=\"https:\/\/www.europesays.com\/fr\/wp-content\/uploads\/2025\/12\/ekwateur-xs.png\" alt=\"logo\" loading=\"lazy\"\/><\/p>\n<p class=\"new-ads__card-title\">L&rsquo;offre du moment \u00e0 -15% (HT) par rapport au tarif r\u00e9glement\u00e9<\/p>\n<p class=\"new-ads__card-description\">De l&rsquo;\u00e9lectricit\u00e9 verte \u00e0 prix fixe moins ch\u00e8re<\/p>\n<p class=\"intro\">Alors que l&rsquo;Europe traverse le c\u0153ur de l&rsquo;hiver, une \u00e9claircie inattendue se dessine pour le budget des m\u00e9nages fran\u00e7ais. La Commission de r\u00e9gulation de l&rsquo;\u00e9nergie (CRE) a officialis\u00e9 les nouveaux tarifs du gaz naturel pour le mois de f\u00e9vrier 2026, confirmant une baisse du prix de la mol\u00e9cule. Cette baisse, qui intervient apr\u00e8s un mois de janvier marqu\u00e9 par une hausse des co\u00fbts fixes, offre un ballon d&rsquo;oxyg\u00e8ne aux consommateurs.\u00a0<\/p>\n<p>\u00c0 ne pas manquer<\/p>\n<p class=\"new-ads__card-title\">\n          Ne ratez plus aucune actu !\n        <\/p>\n<p>Baisse du prix du gaz au 1er f\u00e9vrier 2026\u00a0: le d\u00e9tail des \u00e9conomies<\/p>\n<p>Les prix de march\u00e9 poursuivent leur repli, port\u00e9s par des stocks europ\u00e9ens qui affichent des niveaux de remplissage rassurants pour la saison.\u00a0<\/p>\n<p>Pour les foyers se chauffant au gaz, le <a href=\"https:\/\/selectra.info\/energie\/gaz\/prix\" target=\"_blank\" rel=\"noopener\">prix du kilowattheure (kWh) TTC<\/a> chute \u00e0 <strong>0,09867\u00a0\u20ac<\/strong>, marquant <strong>un recul de 3,24\u00a0%<\/strong> par rapport au mois de janvier. Cette baisse permet de repasser sous la barre symbolique des 10 centimes, un niveau que les consommateurs n&rsquo;avaient plus observ\u00e9 <strong>depuis juin 2024 !<\/strong> Un m\u00e9nage moyen consommant 11.200 kWh par an pour son chauffage verra sa facture annuelle th\u00e9orique reculer d&rsquo;environ 36\u00a0\u20ac.<\/p>\n<p>Pour les petits consommateurs utilisant le gaz uniquement pour la cuisson ou l&rsquo;eau chaude, la tendance est \u00e9galement \u00e0 la baisse, bien que l\u00e9g\u00e8rement plus mod\u00e9r\u00e9e. Le tarif s&rsquo;\u00e9tablit \u00e0 <strong>0,12926\u00a0\u20ac\/kWh TTC<\/strong>, soit <strong>une diminution de 2,47\u00a0%<\/strong> sur un mois.\u00a0<\/p>\n<p>Comparatif du Prix Rep\u00e8re Gaz\u00a0: Janvier vs F\u00e9vrier 2026<\/p>\n<tr>UsageD\u00e9tail (TTC)Janvier 2026F\u00e9vrier 2026\u00c9volution<\/tr>\n<tr>\n<td rowspan=\"2\"><strong>Cuisson \/ Eau chaude<\/strong><\/td>\n<td>Abonnement<\/td>\n<td>147,24\u00a0\u20ac<\/td>\n<td>147,24\u00a0\u20ac<\/td>\n<td>Stable<\/td>\n<\/tr>\n<tr>\n<td>Prix du kWh<\/td>\n<td>0,13249\u00a0\u20ac<\/td>\n<td><strong>0,12926\u00a0\u20ac<\/strong><\/td>\n<td><strong>-2,47\u00a0%<\/strong><\/td>\n<\/tr>\n<tr>\n<td rowspan=\"2\"><strong>Chauffage<\/strong><\/td>\n<td>Abonnement<\/td>\n<td>343,90\u00a0\u20ac<\/td>\n<td>343,90\u00a0\u20ac<\/td>\n<td>Stable<\/td>\n<\/tr>\n<tr>\n<td>Prix du kWh<\/td>\n<td>0,10192\u00a0\u20ac<\/td>\n<td><strong>0,09867\u00a0\u20ac<\/strong><\/td>\n<td><strong>-3,24\u00a0%<\/strong><\/td>\n<\/tr>\n<p>    \tL&rsquo;ombre de l&rsquo;abonnement\u00a0: le surco\u00fbt de janvier reste d&rsquo;actualit\u00e9<\/p>\n<p>Si la baisse du prix de l&rsquo;\u00e9nergie est une r\u00e9alit\u00e9 ce mois-ci, il convient de ne pas oublier le revers de la m\u00e9daille subi au 1er janvier dernier. Pour rappel, la CRE a appliqu\u00e9 une revalorisation muscl\u00e9e de la part fixe de la facture pour financer les frais commerciaux des fournisseurs et la fili\u00e8re biogaz.\u00a0<\/p>\n<p>L&rsquo;abonnement annuel pour un foyer chauff\u00e9 au gaz est ainsi pass\u00e9 de <strong>330,80\u00a0\u20ac \u00e0 343,90\u00a0\u20ac TTC<\/strong>, soit une hausse de 13\u00a0\u20ac qui p\u00e8se lourdement sur les budgets. Pour l&rsquo;eau chaude et la cuisson, l&rsquo;abonnement annuel avait augment\u00e9 \u00e9galement de 13\u00a0\u20ac, passant de 134,14\u00a0\u20ac \u00e0 147,24\u00a0\u20ac.<\/p>\n<p>Cette inflation des co\u00fbts fixes signifie que pour beaucoup, la baisse du kWh enregistr\u00e9e en f\u00e9vrier sert avant tout \u00e0 <strong>\u00e9ponger le surco\u00fbt de l&rsquo;abonnement d\u00e9cid\u00e9 en d\u00e9but d&rsquo;ann\u00e9e.<\/strong> Le gaz naturel entre dans une \u00e8re o\u00f9 la mol\u00e9cule devient moins ch\u00e8re, mais o\u00f9 le droit d&rsquo;acc\u00e8s au r\u00e9seau et les contributions \u00e9cologiques occupent une place pr\u00e9pond\u00e9rante dans la quittance finale.<\/p>\n<p>\u00c9volution de la facture de gaz (Profil Chauffage)<\/p>\n<tr>MoisPrix abonnement (annuel)Prix du kWhFacture annuelle\u00c9volution sur un mois<\/tr>\n<tr>\n<td>Octobre 2025<\/td>\n<td>330,80\u00a0\u20ac<\/td>\n<td>0,10337\u00a0\u20ac<\/td>\n<td>1489\u00a0\u20ac<\/td>\n<td><strong>-1,46\u00a0%<\/strong><\/td>\n<\/tr>\n<tr>\n<td>Novembre 2025<\/td>\n<td>330,80\u00a0\u20ac<\/td>\n<td>0,10345\u00a0\u20ac<\/td>\n<td>1489\u00a0\u20ac<\/td>\n<td><strong>Stable<\/strong><\/td>\n<\/tr>\n<tr>\n<td>D\u00e9cembre 2025<\/td>\n<td>330,80\u00a0\u20ac<\/td>\n<td>0,10282\u00a0\u20ac<\/td>\n<td>1482\u00a0\u20ac<\/td>\n<td><strong>-0,47\u00a0%<\/strong><\/td>\n<\/tr>\n<tr>\n<td>Janvier 2026<\/td>\n<td>343,90\u00a0\u20ac<\/td>\n<td>0,10192\u00a0\u20ac<\/td>\n<td>1485\u00a0\u20ac<\/td>\n<td><strong>+0,20\u00a0%<\/strong><\/td>\n<\/tr>\n<tr>\n<td><strong>F\u00e9vrier 2026<\/strong><\/td>\n<td><strong>343,90\u00a0\u20ac<\/strong><\/td>\n<td><strong>0,09867\u00a0\u20ac<\/strong><\/td>\n<td><strong>1449\u00a0\u20ac<\/strong><\/td>\n<td><strong>-2,42\u00a0%<\/strong><\/td>\n<\/tr>\n<p class=\"table__legend\">Facture annuelle calcul\u00e9e pour une consommation de r\u00e9f\u00e9rence de 11 200 kWh. Source\u00a0: CRE, calculs Selectra.<\/p>\n<p>  <img decoding=\"async\" class=\"new-ads__card-logo\" src=\"https:\/\/www.europesays.com\/fr\/wp-content\/uploads\/2025\/04\/gaz.png\" alt=\"logo\" loading=\"lazy\"\/><\/p>\n<p class=\"new-ads__card-title\">Souscrivez du gaz moins cher avec Selectra !<\/p>\n<p class=\"new-ads__card-description\">R\u00e9duisez vos factures et souscrivez une offre \u00e9conomique et adapt\u00e9e \u00e0 vos besoins<\/p>\n<p>        <img decoding=\"async\" class=\"new-ads__card-logo\" src=\"https:\/\/www.europesays.com\/fr\/wp-content\/uploads\/2025\/12\/ekwateur-xs.png\" alt=\"logo\" loading=\"lazy\"\/><\/p>\n<p class=\"new-ads__card-title\">L&rsquo;offre du moment \u00e0 -15% (HT) par rapport au tarif r\u00e9glement\u00e9<\/p>\n<p class=\"new-ads__card-description\">De l&rsquo;\u00e9lectricit\u00e9 verte \u00e0 prix fixe moins ch\u00e8re<\/p>\n<p>Nouveaux prix du gaz au 1\u1d49\u02b3 f\u00e9vrier 2026<\/p>\n<p>Voici la nouvelle grille tarifaire d\u00e9taill\u00e9e du prix de r\u00e9f\u00e9rence du gaz, appel\u00e9e <a href=\"https:\/\/selectra.info\/energie\/guides\/comprendre\/gaz\/prix-repere-gaz\" target=\"_blank\" rel=\"noopener\">Prix Rep\u00e8re Gaz<\/a>, communiqu\u00e9e par la CRE et applicable d\u00e8s le 1\u1d49\u02b3 f\u00e9vrier 2026\u00a0:<\/p>\n<p>Grille du prix rep\u00e8re de vente du gaz pour octobre 2025<\/p>\n<tr><img decoding=\"async\" style=\"display:block;margin:auto;\" src=\"https:\/\/www.europesays.com\/fr\/wp-content\/uploads\/2025\/05\/cre-xs.png\" alt=\"CRE\" width=\"112\" height=\"32\" loading=\"lazy\"\/>Cuisson\/eau chaudeChauffage<\/tr>\n<tr>Abonnement annuel TTC<\/p>\n<td>147,24\u00a0\u20ac<\/td>\n<td>343,90\u00a0\u20ac<\/td>\n<\/tr>\n<tr>Prix du kWh TTC (moyen)<\/p>\n<td>0,12926\u00a0\u20ac<\/td>\n<td>0,09867\u00a0\u20ac<\/td>\n<\/tr>\n<p class=\"table__legend\">Tarifs TTC pour la zone de distribution de GRDF. La fourchette de prix du kWh d\u00e9pend de la commune de r\u00e9sidence.<\/p>\n<p>Strat\u00e9gie tarifaire\u00a0: pourquoi choisir une offre index\u00e9e maintenant\u00a0?<\/p>\n<p>Dans ce contexte de baisse continue mais fragile, le choix du contrat devient strat\u00e9gique. Si la tentation de bloquer son tarif peut para\u00eetre rassurante, Selectra conseille actuellement de privil\u00e9gier les <a href=\"https:\/\/selectra.info\/energie\/gaz\/prix\/indexes\" target=\"_blank\" rel=\"noopener\">offres index\u00e9es sur le Prix Rep\u00e8re<\/a>. Plusieurs raisons techniques justifient cette recommandation\u00a0:<\/p>\n<ul class=\"list--check\">\n<li><strong>Profiter de la baisse \u00e0 venir\u00a0:<\/strong> Les march\u00e9s de gros pr\u00e9sentent des signes de d\u00e9tente qui pourraient se prolonger durant tout le printemps. Une offre index\u00e9e r\u00e9percute m\u00e9caniquement ces baisses sur la facture.<\/li>\n<li><strong>L&rsquo;impuissance du prix fixe\u00a0:<\/strong> Un contrat \u00e0 prix fixe ne prot\u00e8ge que sur la part \u00ab\u00a0\u00e9nergie\u00a0\u00bb (la mol\u00e9cule). Or, les hausses pr\u00e9vues pour 2026 concernent principalement les tarifs d&rsquo;acheminement (<a href=\"https:\/\/selectra.info\/energie\/guides\/comprendre\/tarifs-acheminement\/atrt\" target=\"_blank\" rel=\"noopener\">ATRT<\/a> et <a href=\"https:\/\/selectra.info\/energie\/guides\/comprendre\/tarifs-acheminement\/ats\" target=\"_blank\" rel=\"noopener\">ATS<\/a>), qui s&rsquo;appliquent de la m\u00eame mani\u00e8re \u00e0 tous les consommateurs, quel que soit leur type de contrat. <a href=\"https:\/\/selectra.info\/energie\/actualites\/marche\/vote-senat-hausse-taxe-gaz-2026-impact-facture\" target=\"_blank\" rel=\"noopener\">Une possible hausse de taxe<\/a> est \u00e0 pr\u00e9voir \u00e9galement.<\/li>\n<li><strong>La flexibilit\u00e9\u00a0:<\/strong> Les contrats de gaz \u00e9tant sans engagement pour les particuliers, l&rsquo;offre index\u00e9e permet de rester agile et de changer de fournisseur si une opportunit\u00e9 encore plus comp\u00e9titive appara\u00eet sur le march\u00e9 (les offres fixes sont \u00e9galement sans engagement !).<\/li>\n<\/ul>\n<p>Voici les 3 offres index\u00e9es de gaz les plus comp\u00e9titives pour le chauffage \u00e0 l&rsquo;heure actuelle\u00a0:<\/p>\n<p class=\"table__legend\">Tarifs \u20ac TTC.<br \/>\n            Simulations effectu\u00e9es pour une consommation domestique de 13450 kWh de gaz par an \u00e0 Lyon.<br \/>\n\t        En savoir plus sur notre <a href=\"https:\/\/selectra.info\/energie\/score\" target=\"_blank\" rel=\"noopener\">Selectra Score<\/a>.\n      \t  <\/p>\n<p>Le conseil Selectra<\/p>\n<p>Pour b\u00e9n\u00e9ficier imm\u00e9diatement de la baisse de f\u00e9vrier, assurez-vous que votre contrat actuel n&rsquo;est pas \u00ab\u00a0bloqu\u00e9\u00a0\u00bb \u00e0 un tarif ancien, <strong>potentiellement bien plus \u00e9lev\u00e9 que le Prix Rep\u00e8re actuel<\/strong>. Utiliser le <a href=\"https:\/\/selectra.info\/energie\" target=\"_blank\" rel=\"noopener\">comparateur Selectra<\/a> permet de v\u00e9rifier en deux minutes si une offre concurrente propose un prix du kWh plus agressif.<\/p>\n<p>Le calendrier des hausses\u00a0: une \u00e9p\u00e9e de Damocl\u00e8s pour avril 2026<\/p>\n<p>Le r\u00e9pit de f\u00e9vrier risque d&rsquo;\u00eatre de courte dur\u00e9e. La CRE a d\u00e9j\u00e0 valid\u00e9 les futurs ajustements pour le transport et le stockage du gaz. Au 1er avril 2026, les tarifs d&rsquo;acheminement subiront une <strong>hausse moyenne de 3,41\u00a0%<\/strong>. Parall\u00e8lement, le revenu autoris\u00e9 des infrastructures de stockage, notamment chez Storengy, sera revu \u00e0 la hausse pour financer la s\u00e9curit\u00e9 du syst\u00e8me et la lutte contre les fuites de m\u00e9thane.<\/p>\n<p>Ces hausses logistiques et fiscales devraient engendrer, toutes choses \u00e9gales par ailleurs, une augmentation de l&rsquo;ordre de <strong>0,3\u00a0% sur le prix TTC final<\/strong> d\u00e8s le printemps.\u00a0<\/p>\n<p>Une hausse de pr\u00e8s de 94\u00a0% en dix ans\u00a0: la r\u00e9alit\u00e9 du march\u00e9<\/p>\n<p>Cette baisse du prix du gaz au 1er f\u00e9vrier 2026 ne doit pas masquer la tendance de fond qui frappe le secteur. Les donn\u00e9es historiques montrent que le prix du gaz reste sur une courbe ascendante pr\u00e9occupante.\u00a0<\/p>\n<p>Entre 2016 et d\u00e9but 2026, la facture annuelle d&rsquo;un m\u00e9nage moyen a quasiment doubl\u00e9, affichant une progression de <strong>94\u00a0%, ce qui \u00e9quivaut \u00e0 une hausse de 700\u00a0\u20ac<\/strong> pour un m\u00e9nage se chauffant au gaz et consommant 11.200 kWh par an.<\/p>\n<p class=\"title\">\u00c9volution de votre facture de gaz entre 2015 et aujourd&rsquo;hui<\/p>\n<p class=\"output-box__title text--xl\">Votre facture a augment\u00e9 de<\/p>\n<p class=\"text--center\">\n        +94\u00a0%\n      <\/p>\n<p class=\"text--center\">\n        entre juin 2016 et f\u00e9vrier 2026, soit une diff\u00e9rence de <strong>+702,28\u00a0\u20ac<\/strong> par an sur votre facture de gaz.\n      <\/p>\n<p>      <a class=\"form-results\" data-target=\"#form-results-hide\" href=\"#\"\/><\/p>\n<p>        Afficher les d\u00e9tails<\/p>\n<p>      Cacher les d\u00e9tails<\/p>\n<p>        Prix en juin 2016<\/p>\n<p class=\"final-response__param-title\">Prix de l&rsquo;abonnement\u00a0:<\/p>\n<p class=\"final-response__param-value\"><strong>233,76\u00a0\u20ac<\/strong><\/p>\n<p class=\"final-response__param-title\">Prix du kWh\u00a0:<\/p>\n<p class=\"final-response__param-value\">\n            <strong>0,0458\u00a0\u20ac<\/strong>\n          <\/p>\n<p>        Prix en f\u00e9vrier 2026<\/p>\n<p class=\"final-response__param-title\">Prix de l&rsquo;abonnement\u00a0:<\/p>\n<p class=\"final-response__param-value\">\n            <strong>343,9\u00a0\u20ac<\/strong><br \/>\n            (+47,12\u00a0%)\n          <\/p>\n<p class=\"final-response__param-title\">Prix du kWh\u00a0:<\/p>\n<p class=\"final-response__param-value\">\n            <strong>0,09867\u00a0\u20ac<\/strong><br \/>\n            (+115,44\u00a0%)\n          <\/p>\n<p>  <img decoding=\"async\" class=\"new-ads__card-logo\" src=\"https:\/\/www.europesays.com\/fr\/wp-content\/uploads\/2025\/04\/gaz.png\" alt=\"logo\" loading=\"lazy\"\/><\/p>\n<p class=\"new-ads__card-title\">Souscrivez du gaz moins cher avec Selectra !<\/p>\n<p class=\"new-ads__card-description\">R\u00e9duisez vos factures et souscrivez une offre \u00e9conomique et adapt\u00e9e \u00e0 vos besoins<\/p>\n<p>        <img decoding=\"async\" class=\"new-ads__card-logo\" src=\"https:\/\/www.europesays.com\/fr\/wp-content\/uploads\/2025\/12\/ekwateur-xs.png\" alt=\"logo\" loading=\"lazy\"\/><\/p>\n<p class=\"new-ads__card-title\">L&rsquo;offre du moment \u00e0 -15% (HT) par rapport au tarif r\u00e9glement\u00e9<\/p>\n<p class=\"new-ads__card-description\">De l&rsquo;\u00e9lectricit\u00e9 verte \u00e0 prix fixe moins ch\u00e8re<\/p>\n<p>      Avez-vous trouv\u00e9 cet article utile ?<\/p>\n<p>100% des 1 votes trouvent l&rsquo;information utile.<\/p>\n","protected":false},"excerpt":{"rendered":"Par Matias Perea Analyste \u00c9nergie Publi\u00e9 le 12\/01\/2026 min de lecture Sauf indication contraire, tous les prix pr\u00e9sent\u00e9s&hellip;\n","protected":false},"author":2,"featured_media":658416,"comment_status":"","ping_status":"","sticky":false,"template":"","format":"standard","meta":{"footnotes":""},"categories":[6],"tags":[35,33,34,1011,27],"class_list":{"0":"post-658415","1":"post","2":"type-post","3":"status-publish","4":"format-standard","5":"has-post-thumbnail","7":"category-economie","8":"tag-business","9":"tag-economie","10":"tag-economy","11":"tag-fr","12":"tag-france"},"share_on_mastodon":{"url":"https:\/\/pubeurope.com\/@fr\/115882411261838944","error":""},"_links":{"self":[{"href":"https:\/\/www.europesays.com\/fr\/wp-json\/wp\/v2\/posts\/658415","targetHints":{"allow":["GET"]}}],"collection":[{"href":"https:\/\/www.europesays.com\/fr\/wp-json\/wp\/v2\/posts"}],"about":[{"href":"https:\/\/www.europesays.com\/fr\/wp-json\/wp\/v2\/types\/post"}],"author":[{"embeddable":true,"href":"https:\/\/www.europesays.com\/fr\/wp-json\/wp\/v2\/users\/2"}],"replies":[{"embeddable":true,"href":"https:\/\/www.europesays.com\/fr\/wp-json\/wp\/v2\/comments?post=658415"}],"version-history":[{"count":0,"href":"https:\/\/www.europesays.com\/fr\/wp-json\/wp\/v2\/posts\/658415\/revisions"}],"wp:featuredmedia":[{"embeddable":true,"href":"https:\/\/www.europesays.com\/fr\/wp-json\/wp\/v2\/media\/658416"}],"wp:attachment":[{"href":"https:\/\/www.europesays.com\/fr\/wp-json\/wp\/v2\/media?parent=658415"}],"wp:term":[{"taxonomy":"category","embeddable":true,"href":"https:\/\/www.europesays.com\/fr\/wp-json\/wp\/v2\/categories?post=658415"},{"taxonomy":"post_tag","embeddable":true,"href":"https:\/\/www.europesays.com\/fr\/wp-json\/wp\/v2\/tags?post=658415"}],"curies":[{"name":"wp","href":"https:\/\/api.w.org\/{rel}","templated":true}]}}