{"id":658418,"date":"2026-01-12T13:41:15","date_gmt":"2026-01-12T13:41:15","guid":{"rendered":"https:\/\/www.europesays.com\/fr\/658418\/"},"modified":"2026-01-12T13:41:15","modified_gmt":"2026-01-12T13:41:15","slug":"lhistorien-vincent-lemire-interdit-de-se-rendre-en-israel","status":"publish","type":"post","link":"https:\/\/www.europesays.com\/fr\/658418\/","title":{"rendered":"L\u2019historien Vincent Lemire interdit de se rendre en Isra\u00ebl"},"content":{"rendered":"<p>                      <img loading=\"lazy\" decoding=\"async\" src=\"https:\/\/www.europesays.com\/fr\/wp-content\/uploads\/2026\/01\/d71b599_upload-1-5zxd83dcfrdf-000-9x67x3.jpg\" alt=\"Vincent Lemire s\u2019exprime lors d\u2019une interview pr\u00e8s du mur des Lamentations, \u00e0 J\u00e9rusalem, le 25\u00a0janvier 2022.\"   width=\"664\" height=\"443\"\/>    Vincent Lemire s\u2019exprime lors d\u2019une interview pr\u00e8s du mur des Lamentations, \u00e0 J\u00e9rusalem, le 25\u00a0janvier 2022.  RONALDO SCHEMIDT \/ AFP                          <\/p>\n<p class=\"article__paragraph  \">L\u2019historien fran\u00e7ais Vincent Lemire, qui a critiqu\u00e9 ouvertement les op\u00e9rations isra\u00e9liennes dans la bande de Gaza, a \u00e9t\u00e9 interdit de voyager en Isra\u00ebl, o\u00f9 il devait se rendre pour une s\u00e9rie de s\u00e9minaires et de rencontres universitaires, a appris l\u2019Agence France-Presse (AFP) aupr\u00e8s de l\u2019int\u00e9ress\u00e9, lundi 12\u00a0janvier.<\/p>\n<p class=\"article__paragraph  \">Professeur d\u2019histoire \u00e0 l\u2019universit\u00e9 Paris-Est Gustave-Eiffel et sp\u00e9cialiste du conflit isra\u00e9lo-palestinien, Vincent Lemire a notamment dirig\u00e9 le centre de recherche fran\u00e7ais \u00e0 J\u00e9rusalem de 2019 \u00e0 ao\u00fbt\u00a02023.<\/p>\n<p class=\"article__paragraph  \">Il a d\u00e9nonc\u00e9 publiquement \u00e0 plusieurs reprises la situation humanitaire d\u00e9sastreuse de la population et des otages isra\u00e9liens \u00e0 Gaza ces deux derni\u00e8res ann\u00e9es, r\u00e9clamant notamment des sanctions contre Isra\u00ebl. M.\u00a0Lemire, qui devait s\u2019envoler dimanche pour Tel-Aviv, a re\u00e7u le 7\u00a0janvier un courriel de l\u2019autorit\u00e9 de l\u2019\u00e9tat civil et de l\u2019immigration lui notifiant son interdiction d\u2019entrer en Isra\u00ebl, sans fournir d\u2019explications.<\/p>\n<p class=\"article__paragraph  \">\u00ab\u00a0En raison d\u2019un changement de circonstances vous concernant, l\u2019approbation ETA-IL pour la demande (\u2026) qui vous a \u00e9t\u00e9 accord\u00e9e le 27\/02\/2025 [27\u00a0f\u00e9vrier\u00a02025] est r\u00e9voqu\u00e9e\u00a0\u00bb, affirme le courriel, que l\u2019AFP a pu consulter. Contact\u00e9es par l\u2019AFP, les autorit\u00e9s isra\u00e9liennes n\u2019avaient pas r\u00e9pondu dans l\u2019imm\u00e9diat.<\/p>\n<p>                                       Lire aussi la tribune :  Article r\u00e9serv\u00e9 \u00e0 nos abonn\u00e9s  <a href=\"https:\/\/www.lemonde.fr\/idees\/article\/2024\/01\/02\/guerre-israel-hamas-depuis-le-7-octobre-c-est-toute-l-histoire-du-conflit-israelo-palestinien-qui-se-rejoue-en-accelere_6208684_3232.html\" class=\"js-article-read-also catcher--favoris__link\" data-premium=\"1\" id=\"article-title-3353834\" target=\"_blank\" rel=\"noopener\">Vincent Lemire\u00a0: \u00ab\u00a0Depuis le 7-Octobre, c\u2019est toute l\u2019histoire du conflit isra\u00e9lo-palestinien qui se rejoue en acc\u00e9l\u00e9r\u00e9\u00a0\u00bb<\/a>    <\/p>\n<p>   Lire plus tard  <\/p>\n<p>                          Aucune justification                    <\/p>\n<p class=\"article__paragraph  \">\u00ab\u00a0Il s\u2019agit d\u2019une autorisation que j\u2019avais obtenue en f\u00e9vrier\u00a02025 et qui est normalement valable deux ans, je n\u2019avais donc pas effectu\u00e9 de d\u00e9marches particuli\u00e8res cette fois-ci. Cette notification quatre jours avant mon vol est tr\u00e8s d\u00e9lib\u00e9r\u00e9e\u00a0\u00bb, a d\u00e9clar\u00e9 Vincent Lemire \u00e0 l\u2019AFP, qui pr\u00e9cise n\u2019avoir re\u00e7u \u00ab\u00a0aucune justification\u00a0\u00bb de la part des autorit\u00e9s isra\u00e9liennes. \u00ab\u00a0Mes prises de position ne sont pas nouvelles, mais je n\u2019ai jamais boycott\u00e9 Isra\u00ebl, j\u2019invite r\u00e9guli\u00e8rement des universitaires isra\u00e9liens et je vais en Isra\u00ebl depuis vingt-cinq\u00a0ans, donc je suis tr\u00e8s surpris\u00a0\u00bb, poursuit-il.<\/p>\n<p>                                       Lire aussi |  Article r\u00e9serv\u00e9 \u00e0 nos abonn\u00e9s  <a href=\"https:\/\/www.lemonde.fr\/idees\/article\/2025\/10\/17\/vincent-lemire-historien-il-faut-boucher-les-trous-du-plan-trump-avec-le-plan-franco-saoudien_6647535_3232.html\" class=\"js-article-read-also catcher--favoris__link\" data-premium=\"1\" id=\"article-title-3442568\" target=\"_blank\" rel=\"noopener\">Vincent Lemire, historien\u00a0: \u00ab Face au show imp\u00e9rial de Trump, le plan franco-saoudien peut transformer le cessez-le-feu \u00e0 Gaza en paix durable \u00bb<\/a>    <\/p>\n<p>   Lire plus tard  <\/p>\n<p class=\"article__paragraph  \">Vincent Lemire, qui avait pr\u00e9vu une vingtaine de s\u00e9minaires et de rencontres avec des chercheurs et \u00e9tudiants, notamment isra\u00e9liens et palestiniens, affirme explorer les voies de recours possible pour inverser cette d\u00e9cision. \u00ab\u00a0C\u2019est mon terrain de recherche depuis vingt-cinq\u00a0ans, mon laboratoire \u00e0 ciel ouvert et en termes de libert\u00e9 acad\u00e9mique, cela est tr\u00e8s probl\u00e9matique\u00a0\u00bb, dit-il. \u00ab\u00a0Comme pour les 37 ONG interdites de travailler \u00e0 Gaza, on a l\u2019impression qu\u2019on est dans une dynamique de r\u00e8glement de comptes\u00a0\u00bb \u00e0 l\u2019\u00e9gard des voix critiques d\u2019Isra\u00ebl.<\/p>\n<p class=\"article__paragraph  \"><a href=\"https:\/\/www.lemonde.fr\/idees\/article\/2025\/08\/05\/elie-barnavi-et-vincent-lemire-monsieur-le-president-si-des-sanctions-immediates-ne-sont-pas-imposees-a-israel-vous-finirez-par-reconnaitre-un-cimetiere_6626640_3232.html\" target=\"_blank\" rel=\"noopener\">Dans une tribune publi\u00e9e en ao\u00fbt dans Le Monde,<\/a> Vincent Lemire avait, avec l\u2019ancien ambassadeur d\u2019Isra\u00ebl en France Elie Barnavi, exhort\u00e9 Emmanuel Macron \u00e0 prendre des sanctions contre Isra\u00ebl face \u00e0 la situation \u00e0 Gaza. \u00ab\u00a0Monsieur le Pr\u00e9sident, si des sanctions imm\u00e9diates ne sont pas impos\u00e9es \u00e0 Isra\u00ebl, vous finirez par reconna\u00eetre un cimeti\u00e8re. Il faut agir maintenant pour que la nourriture et les soins puissent entrer massivement \u00e0 Gaza\u00a0\u00bb, \u00e9crivaient-ils, en r\u00e9f\u00e9rence \u00e0 l\u2019annonce fran\u00e7aise de la reconnaissance d\u2019un Etat de Palestine, concr\u00e9tis\u00e9e en septembre \u00e0 l\u2019ONU.<\/p>\n<p>                                       Lire aussi la tribune |  Article r\u00e9serv\u00e9 \u00e0 nos abonn\u00e9s  <a href=\"https:\/\/www.lemonde.fr\/idees\/article\/2025\/08\/05\/elie-barnavi-et-vincent-lemire-monsieur-le-president-si-des-sanctions-immediates-ne-sont-pas-imposees-a-israel-vous-finirez-par-reconnaitre-un-cimetiere_6626640_3232.html\" class=\"js-article-read-also catcher--favoris__link\" data-premium=\"1\" id=\"article-title-3433598\" target=\"_blank\" rel=\"noopener\">Elie Barnavi et Vincent Lemire\u00a0: \u00ab\u00a0Monsieur le Pr\u00e9sident, si des sanctions imm\u00e9diates ne sont pas impos\u00e9es \u00e0 Isra\u00ebl, vous finirez par reconna\u00eetre un cimeti\u00e8re\u00a0\u00bb<\/a>    <\/p>\n<p>   Lire plus tard  <\/p>\n<p class=\"author__detail\">  Le Monde avec AFP  <\/p>\n","protected":false},"excerpt":{"rendered":"Vincent Lemire s\u2019exprime lors d\u2019une interview pr\u00e8s du mur des Lamentations, \u00e0 J\u00e9rusalem, le 25\u00a0janvier 2022. RONALDO SCHEMIDT&hellip;\n","protected":false},"author":2,"featured_media":658419,"comment_status":"","ping_status":"","sticky":false,"template":"","format":"standard","meta":{"footnotes":""},"categories":[4],"tags":[11,1011,27,12,25],"class_list":{"0":"post-658418","1":"post","2":"type-post","3":"status-publish","4":"format-standard","5":"has-post-thumbnail","7":"category-france","8":"tag-actualites","9":"tag-fr","10":"tag-france","11":"tag-news","12":"tag-republique-francaise"},"share_on_mastodon":{"url":"https:\/\/pubeurope.com\/@fr\/115882418747928526","error":""},"_links":{"self":[{"href":"https:\/\/www.europesays.com\/fr\/wp-json\/wp\/v2\/posts\/658418","targetHints":{"allow":["GET"]}}],"collection":[{"href":"https:\/\/www.europesays.com\/fr\/wp-json\/wp\/v2\/posts"}],"about":[{"href":"https:\/\/www.europesays.com\/fr\/wp-json\/wp\/v2\/types\/post"}],"author":[{"embeddable":true,"href":"https:\/\/www.europesays.com\/fr\/wp-json\/wp\/v2\/users\/2"}],"replies":[{"embeddable":true,"href":"https:\/\/www.europesays.com\/fr\/wp-json\/wp\/v2\/comments?post=658418"}],"version-history":[{"count":0,"href":"https:\/\/www.europesays.com\/fr\/wp-json\/wp\/v2\/posts\/658418\/revisions"}],"wp:featuredmedia":[{"embeddable":true,"href":"https:\/\/www.europesays.com\/fr\/wp-json\/wp\/v2\/media\/658419"}],"wp:attachment":[{"href":"https:\/\/www.europesays.com\/fr\/wp-json\/wp\/v2\/media?parent=658418"}],"wp:term":[{"taxonomy":"category","embeddable":true,"href":"https:\/\/www.europesays.com\/fr\/wp-json\/wp\/v2\/categories?post=658418"},{"taxonomy":"post_tag","embeddable":true,"href":"https:\/\/www.europesays.com\/fr\/wp-json\/wp\/v2\/tags?post=658418"}],"curies":[{"name":"wp","href":"https:\/\/api.w.org\/{rel}","templated":true}]}}