{"id":658420,"date":"2026-01-12T13:42:19","date_gmt":"2026-01-12T13:42:19","guid":{"rendered":"https:\/\/www.europesays.com\/fr\/658420\/"},"modified":"2026-01-12T13:42:19","modified_gmt":"2026-01-12T13:42:19","slug":"le-trafic-devrait-etre-normal-sur-les-tgv-et-les-intercites-mardi-des-perturbations-en-occitanie-et-en-ile-de-france-pour-les-trains-regionaux","status":"publish","type":"post","link":"https:\/\/www.europesays.com\/fr\/658420\/","title":{"rendered":"le trafic devrait \u00eatre normal sur les TGV et les Intercit\u00e9s mardi, des perturbations en Occitanie et en Ile-de-France pour les trains r\u00e9gionaux"},"content":{"rendered":"\n<p class=\"c-chapo \">\n  Dans un tract publi\u00e9 jeudi, la CGT r\u00e9clame une hausse des salaires et des pensions de 12% ainsi que la mise en place d&rsquo;un treizi\u00e8me mois pour tous les cheminots. Elle d\u00e9nonce \u00e9galement les recrutements insuffisants et la d\u00e9gradation des conditions de travail.\n<\/p>\n<p>      lire plus tard<\/p>\n<p id=\"dialog__title\" class=\"dialog__title\">Pour sauvegarder cet article, connectez-vous ou cr\u00e9ez un compte franceinfo<\/p>\n<p class=\"dialog__description\">Sans paiement. Sans abonnement.<\/p>\n<p>        Fermer la fen\u00eatre d\u2019activation des notifications France Info<\/p>\n<p>      cr\u00e9er votre compte<\/p>\n<p>      se connecter<\/p>\n<p>      :<\/p>\n<p>        Fermer la fen\u00eatre de pr\u00e9sentation<\/p>\n<p>    <img loading=\"lazy\" decoding=\"async\" class=\"signature__image lazyload\" width=\"100\" height=\"100\" data- alt=\"\" src=\"https:\/\/www.europesays.com\/fr\/wp-content\/uploads\/2025\/05\/64a68815cd1a7_placeholder-36b69ec8.png\"\/><\/p>\n<p>    Publi\u00e9 le 12\/01\/2026 10:10<\/p>\n<p>        Temps de lecture : 1min<\/p>\n<p>    <img decoding=\"async\"  alt=\"Un TGV \u00e0 la gare du Nord, \u00e0 Paris, le 30 d\u00e9cembre 2025. (CARINE SCHMITT \/ HANS LUCAS \/ AFP)\" width=\"432\" height=\"243\" src=\"https:\/\/www.europesays.com\/fr\/wp-content\/uploads\/2026\/01\/080-hl-cschmitt-3004921-6964b99d66318252329700.jpg\" fetchpriority=\"high\"\/><\/p>\n<p>      Un TGV \u00e0 la gare du Nord, \u00e0 Paris, le 30 d\u00e9cembre 2025. (CARINE SCHMITT \/ HANS LUCAS \/ AFP)<\/p>\n<p>Peu de perturbations sur les rails. Le trafic ferroviaire devrait \u00eatre quasi normal mardi 13 janvier \u00e0 <a href=\"https:\/\/www.franceinfo.fr\/economie\/transports\/sncf\/sncf-pourquoi-certains-billets-ouigo-sont-plus-chers-que-les-tgv_7728961.html\" target=\"_blank\" rel=\"noopener\">la SNCF<\/a>, malgr\u00e9 l&rsquo;appel \u00e0 la gr\u00e8ve nationale lanc\u00e9 par deux syndicats pour r\u00e9clamer une am\u00e9lioration des salaires et des conditions de travail, a annonc\u00e9 l&rsquo;entreprise, dimanche. \u00ab\u00a0Dans le cadre du mouvement social national du mardi 13 janvier, les circulations seront normales sur TGV et Intercit\u00e9s et quasi normales sur les trains r\u00e9gionaux avec des perturbations limit\u00e9es \u00e0 quelques lignes en Occitanie et en Ile-de-France\u00a0\u00bb, a pr\u00e9cis\u00e9 la SNCF dans un communiqu\u00e9.<\/p>\n<p>Ce mouvement social intervient dans le cadre des n\u00e9gociations annuelles obligatoires (NAO) qui doivent se conclure mardi. Malgr\u00e9 le versement d&rsquo;une prime en d\u00e9cembre par la direction, la CGT-Cheminots et SUD-Rail estiment que le compte n&rsquo;y est pas.<\/p>\n<p>Dans un tract publi\u00e9 jeudi, la CGT r\u00e9clame une hausse des salaires et des pensions de 12% ainsi que la mise en place d&rsquo;un treizi\u00e8me mois pour tous les cheminots. Elle d\u00e9nonce \u00e9galement les recrutements insuffisants et la d\u00e9gradation des conditions de travail en appelant \u00e0 la mobilisation. Pour SUD-Rail, \u00ab\u00a0l&rsquo;\u00e9volution du m\u00e9tier, marqu\u00e9e par l&rsquo;augmentation constante des missions et une polyvalence impos\u00e9e, doit obliger la direction \u00e0 revaloriser imm\u00e9diatement les salaires\u00a0\u00bb de 400 euros pour tous les salari\u00e9s et \u00e0 augmenter les primes.<\/p>\n","protected":false},"excerpt":{"rendered":"Dans un tract publi\u00e9 jeudi, la CGT r\u00e9clame une hausse des salaires et des pensions de 12% ainsi&hellip;\n","protected":false},"author":2,"featured_media":658421,"comment_status":"","ping_status":"","sticky":false,"template":"","format":"standard","meta":{"footnotes":""},"categories":[2],"tags":[11,1011,27,12],"class_list":{"0":"post-658420","1":"post","2":"type-post","3":"status-publish","4":"format-standard","5":"has-post-thumbnail","7":"category-actualites","8":"tag-actualites","9":"tag-fr","10":"tag-france","11":"tag-news"},"share_on_mastodon":{"url":"https:\/\/pubeurope.com\/@fr\/115882422849784371","error":""},"_links":{"self":[{"href":"https:\/\/www.europesays.com\/fr\/wp-json\/wp\/v2\/posts\/658420","targetHints":{"allow":["GET"]}}],"collection":[{"href":"https:\/\/www.europesays.com\/fr\/wp-json\/wp\/v2\/posts"}],"about":[{"href":"https:\/\/www.europesays.com\/fr\/wp-json\/wp\/v2\/types\/post"}],"author":[{"embeddable":true,"href":"https:\/\/www.europesays.com\/fr\/wp-json\/wp\/v2\/users\/2"}],"replies":[{"embeddable":true,"href":"https:\/\/www.europesays.com\/fr\/wp-json\/wp\/v2\/comments?post=658420"}],"version-history":[{"count":0,"href":"https:\/\/www.europesays.com\/fr\/wp-json\/wp\/v2\/posts\/658420\/revisions"}],"wp:featuredmedia":[{"embeddable":true,"href":"https:\/\/www.europesays.com\/fr\/wp-json\/wp\/v2\/media\/658421"}],"wp:attachment":[{"href":"https:\/\/www.europesays.com\/fr\/wp-json\/wp\/v2\/media?parent=658420"}],"wp:term":[{"taxonomy":"category","embeddable":true,"href":"https:\/\/www.europesays.com\/fr\/wp-json\/wp\/v2\/categories?post=658420"},{"taxonomy":"post_tag","embeddable":true,"href":"https:\/\/www.europesays.com\/fr\/wp-json\/wp\/v2\/tags?post=658420"}],"curies":[{"name":"wp","href":"https:\/\/api.w.org\/{rel}","templated":true}]}}