{"id":658426,"date":"2026-01-12T13:45:09","date_gmt":"2026-01-12T13:45:09","guid":{"rendered":"https:\/\/www.europesays.com\/fr\/658426\/"},"modified":"2026-01-12T13:45:09","modified_gmt":"2026-01-12T13:45:09","slug":"incendie-mortel-a-nancy-six-arrestations","status":"publish","type":"post","link":"https:\/\/www.europesays.com\/fr\/658426\/","title":{"rendered":"Incendie mortel \u00e0 Nancy : six arrestations"},"content":{"rendered":"<p>\t\t\t\t L\u2019incendie qui a caus\u00e9 la mort de 5 personnes le 30 novembre pr\u00e8s de Nancy avait \u00e9t\u00e9 commandit\u00e9.<\/p>\n<p>Six personnes ont \u00e9t\u00e9 mises en examen, dont trois mineurs et deux d\u00e9tenus qui auraient commandit\u00e9 les faits, dans l\u2019enqu\u00eate sur l\u2019incendie volontaire d\u2019un logement ayant caus\u00e9 la mort de cinq personnes le 30 novembre pr\u00e8s de Nancy, a annonc\u00e9 vendredi le procureur. L\u2019un des d\u00e9tenus, \u00e2g\u00e9 de 21 ans, est soup\u00e7onn\u00e9 d\u2019avoir \u00aborganis\u00e9\u00bb les faits.<\/p>\n<p>Son compagnon de cellule, de deux ans plus \u00e2g\u00e9, est impliqu\u00e9 dans la m\u00eame proc\u00e9dure de stup\u00e9fiants que celle visant un jeune homme ayant surv\u00e9cu \u00e0 l\u2019incendie, a pr\u00e9cis\u00e9 Fran\u00e7ois Capin-Dulhoste, procureur de la R\u00e9publique de Nancy. Les deux d\u00e9tenus, qui purgent une peine de cinq ans de prison \u00e0 Ch\u00e2lons-en-Champagne, ont \u00e9t\u00e9 mis en examen vendredi pour \u00abmeurtre en bande organis\u00e9e et tentative de meurtre en bande organis\u00e9e\u00bb.<\/p>\n<p>Le sinistre, survenu en pleine nuit \u00e0 Neuves-Maisons (Meurthe-et-Moselle), avait co\u00fbt\u00e9 la vie \u00e0 un couple de 59 et 60 ans, \u00e0 leur fils cadet de 16 ans et \u00e0 deux amis de leurs enfants, \u00e2g\u00e9s de 16 et 20 ans. Seul le fils a\u00een\u00e9 de la famille, 22 ans, s\u2019en est sorti avec des blessures l\u00e9g\u00e8res. Il s\u2019\u00e9tait \u00e9chapp\u00e9 par les toits et avait pu donner l\u2019alerte. C\u2019est lui qui est mis en cause dans le m\u00eame dossier de stup\u00e9fiants que l\u2019un des commanditaires pr\u00e9sum\u00e9s.<\/p>\n<p>\u00abCes faits d\u2019une gravit\u00e9 extr\u00eame (\u2026) illustrent le niveau de la menace que font peser le narcotrafic et ses m\u00e9thodes sur notre soci\u00e9t\u00e9\u00bb, a comment\u00e9 le magistrat, sans toutefois \u00e9noncer clairement le mobile du crime.<\/p>\n<p><strong>Trois mineurs de 15 \u00e0 17 ans mis en examen<\/strong><\/p>\n<p>Quatre autre suspects \u2013 trois mineurs de 15 \u00e0 17 ans et un majeur de 21 ans \u2013 ont par ailleurs \u00e9t\u00e9 mis en examen dans cette affaire, soup\u00e7onn\u00e9s d\u2019avoir pris part, la nuit de l\u2019incendie, \u00e0 une exp\u00e9dition \u00e0 Neuves-Maisons depuis Ch\u00e2lons-en-Champagne, soit environ 320 km aller-retour.<\/p>\n<p>L\u2019un des jeunes de 17 ans, d\u00e9j\u00e0 condamn\u00e9 \u00e0 deux reprises pour des faits de violences aggrav\u00e9es, a \u00abreconnu avoir d\u00e9clench\u00e9 l\u2019incendie\u00bb en aspergeant l\u2019immeuble d\u2019essence avant d\u2019y mettre le feu, selon le procureur.<\/p>\n<p>L\u2019autre mineur du m\u00eame \u00e2ge, au casier judiciaire vierge, a reconnu avoir conduit le v\u00e9hicule. Tous deux ont \u00e9t\u00e9 plac\u00e9s en d\u00e9tention provisoire. Les deux autres suspects, le majeur et l\u2019adolescent de 15 ans, ont \u00e9t\u00e9 plac\u00e9s sous contr\u00f4le judiciaire. \u00abLeur r\u00f4le exact reste \u00e0 d\u00e9terminer.\u00bb<\/p>\n<p>L\u2019enqu\u00eate se poursuit pour \u00abpr\u00e9ciser les r\u00f4les et motivations de chacun et mettre en \u00e9vidence s\u2019il y a eu d\u2019autres complicit\u00e9s\u00bb, a assur\u00e9 Thibaud Fritz, le commandant de la Section de recherches de Nancy, qui en a la charge.<\/p>\n","protected":false},"excerpt":{"rendered":"L\u2019incendie qui a caus\u00e9 la mort de 5 personnes le 30 novembre pr\u00e8s de Nancy avait \u00e9t\u00e9 commandit\u00e9.&hellip;\n","protected":false},"author":2,"featured_media":658427,"comment_status":"","ping_status":"","sticky":false,"template":"","format":"standard","meta":{"footnotes":""},"categories":[9635],"tags":[1111,11,1777,674,1011,27,775,1702,12,25],"class_list":{"0":"post-658426","1":"post","2":"type-post","3":"status-publish","4":"format-standard","5":"has-post-thumbnail","7":"category-nancy","8":"tag-actu","9":"tag-actualites","10":"tag-eu","11":"tag-europe","12":"tag-fr","13":"tag-france","14":"tag-grand-est","15":"tag-nancy","16":"tag-news","17":"tag-republique-francaise"},"share_on_mastodon":{"url":"https:\/\/pubeurope.com\/@fr\/115882434614819700","error":""},"_links":{"self":[{"href":"https:\/\/www.europesays.com\/fr\/wp-json\/wp\/v2\/posts\/658426","targetHints":{"allow":["GET"]}}],"collection":[{"href":"https:\/\/www.europesays.com\/fr\/wp-json\/wp\/v2\/posts"}],"about":[{"href":"https:\/\/www.europesays.com\/fr\/wp-json\/wp\/v2\/types\/post"}],"author":[{"embeddable":true,"href":"https:\/\/www.europesays.com\/fr\/wp-json\/wp\/v2\/users\/2"}],"replies":[{"embeddable":true,"href":"https:\/\/www.europesays.com\/fr\/wp-json\/wp\/v2\/comments?post=658426"}],"version-history":[{"count":0,"href":"https:\/\/www.europesays.com\/fr\/wp-json\/wp\/v2\/posts\/658426\/revisions"}],"wp:featuredmedia":[{"embeddable":true,"href":"https:\/\/www.europesays.com\/fr\/wp-json\/wp\/v2\/media\/658427"}],"wp:attachment":[{"href":"https:\/\/www.europesays.com\/fr\/wp-json\/wp\/v2\/media?parent=658426"}],"wp:term":[{"taxonomy":"category","embeddable":true,"href":"https:\/\/www.europesays.com\/fr\/wp-json\/wp\/v2\/categories?post=658426"},{"taxonomy":"post_tag","embeddable":true,"href":"https:\/\/www.europesays.com\/fr\/wp-json\/wp\/v2\/tags?post=658426"}],"curies":[{"name":"wp","href":"https:\/\/api.w.org\/{rel}","templated":true}]}}