{"id":658428,"date":"2026-01-12T13:46:13","date_gmt":"2026-01-12T13:46:13","guid":{"rendered":"https:\/\/www.europesays.com\/fr\/658428\/"},"modified":"2026-01-12T13:46:13","modified_gmt":"2026-01-12T13:46:13","slug":"sluc-nancy-face-a-monaco-resister-nest-pas-gagner","status":"publish","type":"post","link":"https:\/\/www.europesays.com\/fr\/658428\/","title":{"rendered":"Sluc Nancy\u00a0: face \u00e0 Monaco, r\u00e9sister n\u2019est pas gagner"},"content":{"rendered":"<p>Op\u00e9ration d\u00e9licate\u00a0: comment transformer <a href=\"https:\/\/www.lasemaine.fr\/sport\/sluc\/sluc-nancy-il-est-venu-le-temps-des-defaites\/\" data-type=\"post\" data-id=\"409690\" target=\"_blank\" rel=\"noopener\">un \u00e9chec<\/a> en motif d\u2019espoir\u00a0? \u00c0 premi\u00e8re vue, il s\u2019agit d\u2019un improbable tour de force. Mais en consid\u00e9rant la mani\u00e8re dont le <a href=\"https:\/\/www.lasemaine.fr\/category\/sport\/sluc\/\" data-type=\"category\" data-id=\"5734\" target=\"_blank\" rel=\"noopener\">Sluc<\/a> a r\u00e9sist\u00e9 \u00e0 Monaco en premi\u00e8re mi-temps, vous ne tentez pas de remplir le creux de quatre d\u00e9faites cons\u00e9cutives avec du vide. Qu\u2019en d\u00e9duire\u00a0? Que faute de pouvoir s\u2019envoler au niveau d\u2019une \u00e9quipe qui figure actuellement parmi les meilleures de l\u2019Euroligue, les joueurs de Sylvain Lauti\u00e9 s\u2019en sont parfois rapproch\u00e9s. Le dire, ce n\u2019est pas ignorer ce qui ne va pas, mais plut\u00f4t redonner du sens \u00e0 ce que nous avons vu. \u00c0 savoir un groupe qui, a d\u00e9faut de pouvoir se reposer sur le talent de son leader offensif Landers Nolley, compl\u00e8tement en dehors de son sujet, a trouv\u00e9 d\u2019autres ressources pour rivaliser durant deux quarts-temps et ne pas \u00eatre emport\u00e9 par la houle lorsque la Roca Team a d\u00e9ploy\u00e9 une intensit\u00e9 physique \u00e9touffante pour \u00e9teindre les vell\u00e9it\u00e9s adverses. Et lorsque Elie Okobo, \u00e9tincelant, ajoute une ribambelle d\u2019actions d\u00e9cisives, vous avez beau vous accrocher, vous \u00eates mis \u00e0 terre.<\/p>\n<p>\u00c9videmment, on peut regretter la baisse d\u2019intensit\u00e9 nanc\u00e9ienne apr\u00e8s la mi-temps et le recours \u00e0 trop d\u2019actions individuelles pour sauver la partie. C\u2019est le point faible de cette \u00e9quipe qui a du c\u0153ur et du potentiel, mais dont la constance n\u2019est pas la vertu premi\u00e8re.<\/p>\n<p>Boulazac, le rendez-vous \u00e0 ne pas manquer<\/p>\n<p>Apr\u00e8s cette prestation encourageante, gardons la bonne distance entre le positif et le n\u00e9gatif. Du c\u00f4t\u00e9 des plus, inscrivons ce qui a permis d\u2019\u00e9viter une addition sal\u00e9e\u00a0: huit balles perdues seulement, une bonne pr\u00e9sence au rebond, secteur o\u00f9 Isaiah Cozart excelle, la pouss\u00e9e de fi\u00e8vre \u00e0 trois points du jeune Fozdo Dada, une d\u00e9fense appliqu\u00e9e et, en dehors de la s\u00e9quence mal ma\u00eetris\u00e9e d\u00e9j\u00e0 \u00e9voqu\u00e9e, un fil conducteur assez coh\u00e9rent. \u00c0 la colonne des moins figure en priorit\u00e9 l\u2019habituelle absence de lucidit\u00e9 qui vient annihiler les bonnes intentions et change d\u2019un seul coup le cours de l\u2019histoire. Sans oublier le manque d\u2019impact du trio Nolley, Fleming, Gombauld, qui a manqu\u00e9 de solidit\u00e9 au plus mauvais moment.<\/p>\n<p>Ce qui se passe en Meurthe-et-Moselle<\/p>\n<p>Une bataille apr\u00e8s l\u2019autre. L\u2019\u00e9pisode Monaco appartenant au pass\u00e9, le Sluc s\u2019appr\u00eate \u00e0 livrer un match importantissime contre Boulazac (vendredi\u00a016\u00a0janvier\u00a02026, \u00e0 20\u00a0h\u00a030 \u00e0 Gentilly). Hors de question de se faire des frayeurs. On ne demande pas au Sluc de p\u00e9tarader aux quatre coins du parquet, mais de gagner. C\u2019est indispensable pour le moral, pour le bilan comptable et pour rester dans les standards qui permettent de viser plus haut que le maintien. Alors, n\u2019imaginons qu\u2019une seule hypoth\u00e8se\u00a0: la victoire.<\/p>\n","protected":false},"excerpt":{"rendered":"Op\u00e9ration d\u00e9licate\u00a0: comment transformer un \u00e9chec en motif d\u2019espoir\u00a0? \u00c0 premi\u00e8re vue, il s\u2019agit d\u2019un improbable tour de&hellip;\n","protected":false},"author":2,"featured_media":658429,"comment_status":"","ping_status":"","sticky":false,"template":"","format":"standard","meta":{"footnotes":""},"categories":[9635],"tags":[1111,11,1777,674,1011,27,775,1702,12,25],"class_list":{"0":"post-658428","1":"post","2":"type-post","3":"status-publish","4":"format-standard","5":"has-post-thumbnail","7":"category-nancy","8":"tag-actu","9":"tag-actualites","10":"tag-eu","11":"tag-europe","12":"tag-fr","13":"tag-france","14":"tag-grand-est","15":"tag-nancy","16":"tag-news","17":"tag-republique-francaise"},"share_on_mastodon":{"url":"https:\/\/pubeurope.com\/@fr\/115882438455140253","error":""},"_links":{"self":[{"href":"https:\/\/www.europesays.com\/fr\/wp-json\/wp\/v2\/posts\/658428","targetHints":{"allow":["GET"]}}],"collection":[{"href":"https:\/\/www.europesays.com\/fr\/wp-json\/wp\/v2\/posts"}],"about":[{"href":"https:\/\/www.europesays.com\/fr\/wp-json\/wp\/v2\/types\/post"}],"author":[{"embeddable":true,"href":"https:\/\/www.europesays.com\/fr\/wp-json\/wp\/v2\/users\/2"}],"replies":[{"embeddable":true,"href":"https:\/\/www.europesays.com\/fr\/wp-json\/wp\/v2\/comments?post=658428"}],"version-history":[{"count":0,"href":"https:\/\/www.europesays.com\/fr\/wp-json\/wp\/v2\/posts\/658428\/revisions"}],"wp:featuredmedia":[{"embeddable":true,"href":"https:\/\/www.europesays.com\/fr\/wp-json\/wp\/v2\/media\/658429"}],"wp:attachment":[{"href":"https:\/\/www.europesays.com\/fr\/wp-json\/wp\/v2\/media?parent=658428"}],"wp:term":[{"taxonomy":"category","embeddable":true,"href":"https:\/\/www.europesays.com\/fr\/wp-json\/wp\/v2\/categories?post=658428"},{"taxonomy":"post_tag","embeddable":true,"href":"https:\/\/www.europesays.com\/fr\/wp-json\/wp\/v2\/tags?post=658428"}],"curies":[{"name":"wp","href":"https:\/\/api.w.org\/{rel}","templated":true}]}}