{"id":658438,"date":"2026-01-12T13:51:11","date_gmt":"2026-01-12T13:51:11","guid":{"rendered":"https:\/\/www.europesays.com\/fr\/658438\/"},"modified":"2026-01-12T13:51:11","modified_gmt":"2026-01-12T13:51:11","slug":"seine-maritime-le-mercosur-cest-un-coup-de-poignard-dans-nos-filieres-pour-les-jeunes-agriculteurs","status":"publish","type":"post","link":"https:\/\/www.europesays.com\/fr\/658438\/","title":{"rendered":"Seine-Maritime. Le Mercosur, \u00ab\u00a0c&rsquo;est un coup de poignard dans nos fili\u00e8res\u00a0\u00bb pour les Jeunes agriculteurs"},"content":{"rendered":"<p>La Normandie r\u00e9unifi\u00e9e. Des repr\u00e9sentants des Jeunes agriculteurs du nord et du sud de la Seine se sont retrouv\u00e9s, samedi 10\u00a0janvier, \u00e0 midi, au pied du pont qui porte le nom de leur r\u00e9gion. Ils sont accompagn\u00e9s par leurs coll\u00e8gues plus \u00e2g\u00e9s, issus des rangs de la FNSEA, le principal syndicat en Seine-Maritime. \u00ab\u00a0Mais la vraie cible, elle n&rsquo;est pas ici. La vraie cible, c&rsquo;est le port du\u00a0Havre. L&rsquo;id\u00e9e, c&rsquo;est de bloquer le port et de contr\u00f4ler l&rsquo;int\u00e9rieur de tous les&#8230;<\/p>\n","protected":false},"excerpt":{"rendered":"La Normandie r\u00e9unifi\u00e9e. Des repr\u00e9sentants des Jeunes agriculteurs du nord et du sud de la Seine se sont&hellip;\n","protected":false},"author":2,"featured_media":658439,"comment_status":"","ping_status":"","sticky":false,"template":"","format":"standard","meta":{"footnotes":""},"categories":[9587],"tags":[1111,11,1777,674,1011,27,12,5161,25,9590],"class_list":{"0":"post-658438","1":"post","2":"type-post","3":"status-publish","4":"format-standard","5":"has-post-thumbnail","7":"category-rouen","8":"tag-actu","9":"tag-actualites","10":"tag-eu","11":"tag-europe","12":"tag-fr","13":"tag-france","14":"tag-news","15":"tag-normandie","16":"tag-republique-francaise","17":"tag-rouen"},"share_on_mastodon":{"url":"https:\/\/pubeurope.com\/@fr\/115882458140446291","error":""},"_links":{"self":[{"href":"https:\/\/www.europesays.com\/fr\/wp-json\/wp\/v2\/posts\/658438","targetHints":{"allow":["GET"]}}],"collection":[{"href":"https:\/\/www.europesays.com\/fr\/wp-json\/wp\/v2\/posts"}],"about":[{"href":"https:\/\/www.europesays.com\/fr\/wp-json\/wp\/v2\/types\/post"}],"author":[{"embeddable":true,"href":"https:\/\/www.europesays.com\/fr\/wp-json\/wp\/v2\/users\/2"}],"replies":[{"embeddable":true,"href":"https:\/\/www.europesays.com\/fr\/wp-json\/wp\/v2\/comments?post=658438"}],"version-history":[{"count":0,"href":"https:\/\/www.europesays.com\/fr\/wp-json\/wp\/v2\/posts\/658438\/revisions"}],"wp:featuredmedia":[{"embeddable":true,"href":"https:\/\/www.europesays.com\/fr\/wp-json\/wp\/v2\/media\/658439"}],"wp:attachment":[{"href":"https:\/\/www.europesays.com\/fr\/wp-json\/wp\/v2\/media?parent=658438"}],"wp:term":[{"taxonomy":"category","embeddable":true,"href":"https:\/\/www.europesays.com\/fr\/wp-json\/wp\/v2\/categories?post=658438"},{"taxonomy":"post_tag","embeddable":true,"href":"https:\/\/www.europesays.com\/fr\/wp-json\/wp\/v2\/tags?post=658438"}],"curies":[{"name":"wp","href":"https:\/\/api.w.org\/{rel}","templated":true}]}}