{"id":658440,"date":"2026-01-12T13:52:14","date_gmt":"2026-01-12T13:52:14","guid":{"rendered":"https:\/\/www.europesays.com\/fr\/658440\/"},"modified":"2026-01-12T13:52:14","modified_gmt":"2026-01-12T13:52:14","slug":"que-se-passe-t-il-a-lentree-de-rouen-depuis-vendredi","status":"publish","type":"post","link":"https:\/\/www.europesays.com\/fr\/658440\/","title":{"rendered":"que se passe-t-il \u00e0 l\u2019entr\u00e9e de Rouen depuis vendredi ?"},"content":{"rendered":"<p class=\"article__intro\">Depuis vendredi 9 janvier 2026, la voie de droite est neutralis\u00e9e sur l\u2019A150 dans le sens Barentin-Rouen sur\u00a0environ 300 m\u00e8tres causant des bouchons spectaculaires, notamment ce lundi 12 janvier \u00e0 l\u2019heure de pointe. Des travaux d\u2019urgence suite aux r\u00e9centes intemp\u00e9ries sont en cause.<\/p>\n<p>\n      L\u2019actu des r\u00e9gions\n    <\/p>\n<p>\n      Chaque jour, un tour d\u2019horizon des principales infos de toutes les r\u00e9gions.\n    <\/p>\n<p>    France T\u00e9l\u00e9visions utilise votre adresse e-mail afin de vous envoyer la newsletter \u00ab\u00a0L\u2019actu des r\u00e9gions\u00a0\u00bb. Vous pouvez vous d\u00e9sinscrire \u00e0 tout moment via le lien en bas de cette newsletter. <a target=\"_blank\" href=\"https:\/\/www.francetelevisions.fr\/groupe\/confidentialite\/politique-de-confidentialite\/politique-de-confidentialite-de-france-televisions-6503\" rel=\"noopener\">Notre politique de confidentialit\u00e9<\/a><\/p>\n<p>C\u2019est un axe essentiel de desserte pour la ville de Rouen (Seine-Maritime). Chaque jour, 21 300 v\u00e9hicules empruntent l\u2019A150 dans le sens Barentin-Rouen, dont 10% de poids-lourds. Depuis vendredi 9 janvier 2026, la voie de droite est ferm\u00e9e sur plusieurs centaines de m\u00e8tres \u00e0 hauteur de Canteleu provoquant des bouchons, \u00e0 toute heure avec un pic ce lundi 12 janvier 2026 entre 7h et 9h, provoquant la col\u00e8re des usagers qui se sont exprim\u00e9s sur les r\u00e9seaux sociaux.<\/p>\n<\/p>\n<p>\u00ab\u00a0Suite \u00e0 l\u2019\u00e9pisode neigeux de la semaine derni\u00e8re, une partie de la chauss\u00e9e fatigu\u00e9e a \u00e9t\u00e9 soumise \u00e0 une contrainte de gel-d\u00e9gel ce qui a fortement d\u00e9grad\u00e9 le bitume\u00a0\u00bb, informe ce lundi la DIRNO, direction interd\u00e9partementale des routes Nord-Ouest, \u00ab\u00a0le bitume s\u2019affaisse, engendrant des nids-de-poule\u00a0\u00bb.<\/p>\n<p>De ce fait, la DIRNO a ferm\u00e9 la voie de droite de l\u2019A150 sur 300 m\u00e8tres au niveau de la sortie dite de Canteleu\/Maromme, \u00ab\u00a0pour \u00e9viter de d\u00e9grader plus la route et surtout d\u2019\u00e9ventuels accidents\u00a0\u00bb, pr\u00e9cise le service.<\/p>\n<blockquote class=\"twitter-tweet\">\n<p dir=\"ltr\" lang=\"fr\">\ud83d\udee3\ufe0f <a href=\"https:\/\/twitter.com\/hashtag\/A150?src=hash&amp;ref_src=twsrc%5Etfw\" target=\"_blank\" rel=\"noopener\">#A150<\/a> sens Barentin-Rouen-d\u00e9gradations localis\u00e9es de la chauss\u00e9e<br \/>\ud83d\udea7\u00c0 la suite de l&rsquo;\u00e9pisode neigeux, des d\u00e9gradations sur la chauss\u00e9e sont apparues et n\u00e9cessitent des travaux \u00e0 compter du lundi 12 janvier 2026<br \/>\u27a1\ufe0fLa voie de droite de la A150 direction Rouen \u00e0 hauteur de\u2026 <a href=\"https:\/\/t.co\/lIf1xe3n4c\">pic.twitter.com\/lIf1xe3n4c<\/a><\/p>\n<p>\u2014 Pr\u00e9fet de Normandie et de la Seine-Maritime (@Prefet76) <a href=\"https:\/\/twitter.com\/Prefet76\/status\/2010292366129655869?ref_src=twsrc%5Etfw\" target=\"_blank\" rel=\"noopener\">January 11, 2026<\/a><\/p><\/blockquote>\n<p>L\u2019op\u00e9ration a constitu\u00e9 \u00e0 remplacer 50 m\u00e8tres de bitume sur l\u2019ensemble de la chauss\u00e9e sur environ 3,50 m\u00e8tres de large. Une vid\u00e9o de ces travaux a \u00e9t\u00e9 r\u00e9alis\u00e9e par un usager de la route et publi\u00e9e sur les r\u00e9seaux sociaux, visionn\u00e9e des milliers de fois.<\/p>\n<\/p>\n<p>\u00ab\u00a0Les travaux seront termin\u00e9s pour 16h, donc la voie sera rouverte \u00e0 17h pour l\u2019heure de pointe ce soir\u00a0\u00bb, se r\u00e9jouit la DIRNO, consciente de trouble occasionn\u00e9, \u00ab\u00a0on ne pouvait pas laisser cette voie sinon on encourait un risque consid\u00e9rable et on a fait tout notre possible pour que la situation soit r\u00e9tablie le plus vite possible\u00a0\u00bb.<\/p>\n<p>Cette matin\u00e9e particuli\u00e8rement compliqu\u00e9e pour les usagers de l&rsquo;A150 sera bient\u00f4t un mauvais souvenir. Demain mardi 13 janvier, la DIRNO l&rsquo;assure, \u00ab\u00a0on n\u2019assistera pas \u00e0 la m\u00eame chose que ce matin [lundi, ndlr] , les deux voies seront ouvertes demain [mardi, ndlr] matin !\u00a0\u00bb<\/p>\n<p>  <script async src=\"https:\/\/platform.twitter.com\/widgets.js\" charset=\"utf-8\"><\/script><\/p>\n","protected":false},"excerpt":{"rendered":"Depuis vendredi 9 janvier 2026, la voie de droite est neutralis\u00e9e sur l\u2019A150 dans le sens Barentin-Rouen sur\u00a0environ&hellip;\n","protected":false},"author":2,"featured_media":658441,"comment_status":"","ping_status":"","sticky":false,"template":"","format":"standard","meta":{"footnotes":""},"categories":[9587],"tags":[1111,11,1777,674,1011,27,12,5161,25,9590],"class_list":{"0":"post-658440","1":"post","2":"type-post","3":"status-publish","4":"format-standard","5":"has-post-thumbnail","7":"category-rouen","8":"tag-actu","9":"tag-actualites","10":"tag-eu","11":"tag-europe","12":"tag-fr","13":"tag-france","14":"tag-news","15":"tag-normandie","16":"tag-republique-francaise","17":"tag-rouen"},"share_on_mastodon":{"url":"https:\/\/pubeurope.com\/@fr\/115882461907564567","error":""},"_links":{"self":[{"href":"https:\/\/www.europesays.com\/fr\/wp-json\/wp\/v2\/posts\/658440","targetHints":{"allow":["GET"]}}],"collection":[{"href":"https:\/\/www.europesays.com\/fr\/wp-json\/wp\/v2\/posts"}],"about":[{"href":"https:\/\/www.europesays.com\/fr\/wp-json\/wp\/v2\/types\/post"}],"author":[{"embeddable":true,"href":"https:\/\/www.europesays.com\/fr\/wp-json\/wp\/v2\/users\/2"}],"replies":[{"embeddable":true,"href":"https:\/\/www.europesays.com\/fr\/wp-json\/wp\/v2\/comments?post=658440"}],"version-history":[{"count":0,"href":"https:\/\/www.europesays.com\/fr\/wp-json\/wp\/v2\/posts\/658440\/revisions"}],"wp:featuredmedia":[{"embeddable":true,"href":"https:\/\/www.europesays.com\/fr\/wp-json\/wp\/v2\/media\/658441"}],"wp:attachment":[{"href":"https:\/\/www.europesays.com\/fr\/wp-json\/wp\/v2\/media?parent=658440"}],"wp:term":[{"taxonomy":"category","embeddable":true,"href":"https:\/\/www.europesays.com\/fr\/wp-json\/wp\/v2\/categories?post=658440"},{"taxonomy":"post_tag","embeddable":true,"href":"https:\/\/www.europesays.com\/fr\/wp-json\/wp\/v2\/tags?post=658440"}],"curies":[{"name":"wp","href":"https:\/\/api.w.org\/{rel}","templated":true}]}}