{"id":658465,"date":"2026-01-12T14:07:09","date_gmt":"2026-01-12T14:07:09","guid":{"rendered":"https:\/\/www.europesays.com\/fr\/658465\/"},"modified":"2026-01-12T14:07:09","modified_gmt":"2026-01-12T14:07:09","slug":"emploi-des-milliers-de-postes-a-pourvoir-proposes-au-stade-pierre-mauroy-de-villeneuve-dascq-ce-jeudi","status":"publish","type":"post","link":"https:\/\/www.europesays.com\/fr\/658465\/","title":{"rendered":"Emploi. Des milliers de postes \u00e0 pourvoir propos\u00e9s au stade Pierre Mauroy de Villeneuve-d&rsquo;Ascq ce jeudi"},"content":{"rendered":"<p>                    Par<br \/>\n        <strong><br \/>\n            <a href=\"https:\/\/actu.fr\/auteur\/nicolas-demollien\" title=\"Consulter tous les articles de Nicolas Demollien\" target=\"_blank\" rel=\"noopener\">Nicolas Demollien<\/a><br \/>\n                    <\/strong><\/p>\n<p>        Publi\u00e9 le<\/p>\n<p>            12 janv. 2026 \u00e0 12h56        <\/p>\n<p>A la recherche d\u2019un <a href=\"https:\/\/actu.fr\/tag\/emploi\" target=\"_blank\" rel=\"noopener\">emploi<\/a> ou d\u2019une nouvelle opportunit\u00e9 de carri\u00e8re ? Ce jeudi 15 janvier 2026, un <b>grand salon<\/b> est organis\u00e9 au <a href=\"https:\/\/actu.fr\/tag\/stade-pierre-mauroy\" target=\"_blank\" rel=\"noopener\">stade Pierre Mauroy \u2013 Decathlon Arena<\/a> de <a href=\"https:\/\/actu.fr\/hauts-de-france\/villeneuve-d-ascq_59009\" target=\"_blank\" rel=\"noopener\">Villeneuve-d\u2019Ascq<\/a> (Nord) avec des <b>milliers de postes \u00e0 pourvoir<\/b>.<\/p>\n<p>Des milliers d\u2019offres d\u2019emploi \u00e0 saisir au stade Pierre Mauroy<\/p>\n<p class=\" wall-content\">Cet \u00e9v\u00e9nement est intitul\u00e9 \u00ab\u00a0<b>Emploi en Nord<\/b>\u00a0\u00bb et est organis\u00e9 par l\u2019Assifep. De nombreuses structures seront sur place afin de vous rencontrer et vous pr\u00e9senter leurs opportunit\u00e9s.\u00a0<\/p>\n<p data-end=\"818\" class=\" wall-content\">\u00ab\u00a0Ce salon vous proposera des milliers d\u2019offres d\u2019emploi dans des <b>domaines qui recrutent<\/b> dans la r\u00e9gion <a href=\"https:\/\/actu.fr\/hauts-de-france\/\" target=\"_blank\" rel=\"noopener\">Hauts-de-France<\/a> : t<b>ransport, informatique, aide \u00e0 la personne, commerce<\/b>, etc. Lors de ce forum, <b>plus de 100 partenaires<\/b> d\u2019envergure ont d\u2019ores et d\u00e9j\u00e0 annonc\u00e9 leur pr\u00e9sence\u00a0\u00bb, assurent les organisateurs.<\/p>\n<p data-end=\"818\" class=\" wall-content\">Ces exposants sont des institutionnels, des entreprises priv\u00e9es ou de travail temporaire, mais \u00e9galement des structures d\u2019insertion, des \u00e9coles et autres centres de formation.<\/p>\n<p data-end=\"1401\" class=\" wall-content\">Le salon est <b>gratuit et ouvert \u00e0 tous, <\/b>de\u00a0<b>10h \u00e0 17h sans interruption. <\/b>L\u2019inscription n\u2019est <b>pas obligatoire<\/b>\u00a0mais vous permettra de\u00a0<b>rentrer plus rapidement.<\/b>\u00a0Si vous souhaitez acc\u00e9der directement au salon sans avoir besoin d\u2019attendre au niveau de la file d\u2019attente, vous pouvez\u00a0<b>scanner le QR Code<\/b> pr\u00e9sent sur le site <a href=\"https:\/\/assifep.com\/emploi-en-nord\/?fbclid=IwY2xjawPRqF9leHRuA2FlbQIxMABicmlkETFJd3Fna3FXdHFTbkc3U2o3c3J0YwZhcHBfaWQQMjIyMDM5MTc4ODIwMDg5MgABHrCtzrFtw6rUDAr0Bhi4BEezxIxZ8TJL7d8ahST7AI0tu06Kl4hrZW_2DxtH_aem_OH0ULBWkGw1ZJbeul_X7Wg\" target=\"_blank\" rel=\"noopener\">assifep.com<\/a>, vous inscrire et pr\u00e9senter le QR code validant votre inscription une fois sur place au niveau de la s\u00e9curit\u00e9.<\/p>\n<p>    <a href=\"https:\/\/www.facebook.com\/plugins\/post.php?href=https%3A%2F%2Fwww.facebook.com%2FASSIFEP%2Fposts%2Fpfbid02BJkQHQFesoAiZVzUpaK4WzRqqooGSUximtHtsqJCjXocuAb7TP3cF8MEFaxpjLLrl&amp;show_text=true&amp;width=350\" title=\"Ouvrie le lien\" target=\"_blank\" rel=\"noopener\">Cliquez ici pour visualiser le contenu<\/a><\/p>\n<p class=\" wall-content\">A vos CV !<\/p>\n<p class=\" wall-content\">Personnalisez votre actualit\u00e9 en ajoutant vos villes et m\u00e9dias en favori avec <a href=\"https:\/\/moncompte.actu.fr\" title=\"D\u00e9couvez Mon Actu\" rel=\"nofollow noopener\" data-trk=\"{&quot;cta&quot;:{&quot;action&quot;:&quot;https:\\\/\\\/moncompte.actu.fr&quot;,&quot;category&quot;:&quot;mon compte&quot;,&quot;from&quot;:&quot;article footer&quot;,&quot;name&quot;:&quot;Mon actu&quot;,&quot;type&quot;:&quot;cta&quot;}}\" target=\"_blank\">Mon Actu<\/a>.<\/p>\n","protected":false},"excerpt":{"rendered":"Par Nicolas Demollien Publi\u00e9 le 12 janv. 2026 \u00e0 12h56 A la recherche d\u2019un emploi ou d\u2019une nouvelle&hellip;\n","protected":false},"author":2,"featured_media":658466,"comment_status":"","ping_status":"","sticky":false,"template":"","format":"standard","meta":{"footnotes":""},"categories":[2815],"tags":[1111,11,341,1777,674,1011,27,811,1307,12,25,104,13595],"class_list":{"0":"post-658465","1":"post","2":"type-post","3":"status-publish","4":"format-standard","5":"has-post-thumbnail","7":"category-lille","8":"tag-actu","9":"tag-actualites","10":"tag-emploi","11":"tag-eu","12":"tag-europe","13":"tag-fr","14":"tag-france","15":"tag-hauts-de-france","16":"tag-lille","17":"tag-news","18":"tag-republique-francaise","19":"tag-societe","20":"tag-stade-pierre-mauroy"},"share_on_mastodon":{"url":"https:\/\/pubeurope.com\/@fr\/115882520997303905","error":""},"_links":{"self":[{"href":"https:\/\/www.europesays.com\/fr\/wp-json\/wp\/v2\/posts\/658465","targetHints":{"allow":["GET"]}}],"collection":[{"href":"https:\/\/www.europesays.com\/fr\/wp-json\/wp\/v2\/posts"}],"about":[{"href":"https:\/\/www.europesays.com\/fr\/wp-json\/wp\/v2\/types\/post"}],"author":[{"embeddable":true,"href":"https:\/\/www.europesays.com\/fr\/wp-json\/wp\/v2\/users\/2"}],"replies":[{"embeddable":true,"href":"https:\/\/www.europesays.com\/fr\/wp-json\/wp\/v2\/comments?post=658465"}],"version-history":[{"count":0,"href":"https:\/\/www.europesays.com\/fr\/wp-json\/wp\/v2\/posts\/658465\/revisions"}],"wp:featuredmedia":[{"embeddable":true,"href":"https:\/\/www.europesays.com\/fr\/wp-json\/wp\/v2\/media\/658466"}],"wp:attachment":[{"href":"https:\/\/www.europesays.com\/fr\/wp-json\/wp\/v2\/media?parent=658465"}],"wp:term":[{"taxonomy":"category","embeddable":true,"href":"https:\/\/www.europesays.com\/fr\/wp-json\/wp\/v2\/categories?post=658465"},{"taxonomy":"post_tag","embeddable":true,"href":"https:\/\/www.europesays.com\/fr\/wp-json\/wp\/v2\/tags?post=658465"}],"curies":[{"name":"wp","href":"https:\/\/api.w.org\/{rel}","templated":true}]}}