{"id":658467,"date":"2026-01-12T14:08:10","date_gmt":"2026-01-12T14:08:10","guid":{"rendered":"https:\/\/www.europesays.com\/fr\/658467\/"},"modified":"2026-01-12T14:08:10","modified_gmt":"2026-01-12T14:08:10","slug":"apres-lille-ol-1-2-tolisso-a-des-ambitions-en-coupe-de-france","status":"publish","type":"post","link":"https:\/\/www.europesays.com\/fr\/658467\/","title":{"rendered":"Apr\u00e8s Lille &#8211; OL (1-2), Tolisso a des ambitions en Coupe de France"},"content":{"rendered":"<p>                            <img width=\"770\" height=\"433\" src=\"https:\/\/www.europesays.com\/fr\/wp-content\/uploads\/2026\/01\/AFP__20251127__86EW6HW__v1__HighRes__FblEurC3MaccabiLyon-770x433.jpg\" class=\"attachment-article size-article wp-post-image\" alt=\"Corentin Tolisso apr\u00e8s son but lors de Maccabi Tel Aviv - OL\" decoding=\"async\" fetchpriority=\"high\"  \/><\/p>\n<p>Corentin Tolisso apr\u00e8s son but lors de Maccabi Tel Aviv \u2013 OL (Photo by Oliver BUNIC \/ AFP)<\/p>\n<p>Qualifi\u00e9 pour les huiti\u00e8mes de finale de Coupe de France, l\u2019OL connaitra son adversaire mardi. Capitaine, Corentin Tolisso ne s\u2019interdit rien dans cette comp\u00e9tition.<\/p>\n<p><strong>Monaco<\/strong>,\u00a0<strong>Lille<\/strong>\u2026 Pour attaquer la nouvelle ann\u00e9e, l\u2019OL avait fort \u00e0 faire d\u2019entr\u00e9e de jeu. Apr\u00e8s avoir retrouv\u00e9 le chemin de la victoire juste avant la tr\u00eave, les Lyonnais savaient qu\u2019ils allaient \u00eatre attendus au tournant et que ces deux d\u00e9placements allaient conditionner les semaines \u00e0 venir. En cette p\u00e9riode de mercato plut\u00f4t calme pour l\u2019instant, la formation rhodanienne ne s\u2019est pas cr\u00e9\u00e9e de turbulences inutiles.<\/p>\n<p>Apr\u00e8s une victoire en Principaut\u00e9 en Ligue 1, elle a encha\u00een\u00e9 avec un succ\u00e8s maitris\u00e9\u00a0<a href=\"https:\/\/www.olympique-et-lyonnais.com\/coupe-de-france-endrick-buteur-pour-sa-premiere-lol-elimine-lille-en-16es-1-2,388454.html\" target=\"_blank\" rel=\"noopener\">(1-2)<\/a>\u00a0en Coupe de France dans le nord de la France. Deux tests r\u00e9ussis pour le plus grand plaisir de Corentin\u00a0<strong>Tolisso<\/strong>.\u00a0\u00ab\u00a0On savait que \u00e7a allait se jouer sur des d\u00e9tails. On savait que Lille mettait beaucoup d\u2019intensit\u00e9, elle courait \u00e9norm\u00e9ment. Il fallait courir plus qu\u2019eux. Ce (dimanche) soir, on a montr\u00e9 de belles choses, que ce soit sur le plan technique et dans la combativit\u00e9,\u00a0s\u2019est r\u00e9joui le capitaine sur beIN Sports.\u00a0Faut qu\u2019on continue comme \u00e7a, on a fait deux gros matchs en 2026, on les a gagn\u00e9s. C\u2019est de bon augure pour la suite.\u00a0\u00bb<\/p>\n<p>\u00ab\u00a0On a envie de gagner un troph\u00e9e\u00a0\u00bb<\/p>\n<p>Avec la r\u00e9ception de\u00a0<strong>Brest<\/strong>\u00a0dimanche pour les\u00a0<a href=\"https:\/\/www.olympique-et-lyonnais.com\/tkydg-en-dix-ans-le-parc-ol-a-t-il-reussi-a-vous-faire-oublier-gerland,388506.html\" target=\"_blank\" rel=\"noopener\">dix ans du Parc OL<\/a>, les Lyonnais ne veulent pas tout g\u00e2cher \u00e0 la maison. Cela leur permettrait de continuer \u00e0 se battre pour le podium alors que la Coupe de France ne sera de retour que dans quelques semaines. \u00c0 l\u2019heure de f\u00eater une d\u00e9cennie \u00e0 D\u00e9cines, il manque encore et toujours ce troph\u00e9e qui ferait la diff\u00e9rence. Pourquoi pas avec la Coupe de France ? <strong>Tolisso<\/strong>\u00a0ne s\u2019interdit rien.\u00a0\u00ab\u00a0On sait qu\u2019il y a quelques matchs pour la gagner. Apr\u00e8s, ce n\u2019est jamais facile de gagner ici. On est qualifi\u00e9s pour les 8es, bien s\u00fbr que l\u2019OL a envie de gagner un troph\u00e9e. \u00c7a fait tant d\u2019ann\u00e9es qu\u2019on n\u2019en a pas gagn\u00e9.\u00a0\u00bb\u00a0Il serait ainsi le premier capitaine \u00e0 gagner un titre \u00e0 l\u2019OL depuis 2012. Mais la route reste longue malgr\u00e9 tout, surtout que le plateau reste encore relev\u00e9.<\/p>\n","protected":false},"excerpt":{"rendered":"Corentin Tolisso apr\u00e8s son but lors de Maccabi Tel Aviv \u2013 OL (Photo by Oliver BUNIC \/ AFP)&hellip;\n","protected":false},"author":2,"featured_media":658468,"comment_status":"","ping_status":"","sticky":false,"template":"","format":"standard","meta":{"footnotes":""},"categories":[2815],"tags":[1111,11,1777,674,1011,27,811,1307,12,241,978,25],"class_list":{"0":"post-658467","1":"post","2":"type-post","3":"status-publish","4":"format-standard","5":"has-post-thumbnail","7":"category-lille","8":"tag-actu","9":"tag-actualites","10":"tag-eu","11":"tag-europe","12":"tag-fr","13":"tag-france","14":"tag-hauts-de-france","15":"tag-lille","16":"tag-news","17":"tag-ol","18":"tag-olympique-lyonnais","19":"tag-republique-francaise"},"share_on_mastodon":{"url":"https:\/\/pubeurope.com\/@fr\/115882525028981869","error":""},"_links":{"self":[{"href":"https:\/\/www.europesays.com\/fr\/wp-json\/wp\/v2\/posts\/658467","targetHints":{"allow":["GET"]}}],"collection":[{"href":"https:\/\/www.europesays.com\/fr\/wp-json\/wp\/v2\/posts"}],"about":[{"href":"https:\/\/www.europesays.com\/fr\/wp-json\/wp\/v2\/types\/post"}],"author":[{"embeddable":true,"href":"https:\/\/www.europesays.com\/fr\/wp-json\/wp\/v2\/users\/2"}],"replies":[{"embeddable":true,"href":"https:\/\/www.europesays.com\/fr\/wp-json\/wp\/v2\/comments?post=658467"}],"version-history":[{"count":0,"href":"https:\/\/www.europesays.com\/fr\/wp-json\/wp\/v2\/posts\/658467\/revisions"}],"wp:featuredmedia":[{"embeddable":true,"href":"https:\/\/www.europesays.com\/fr\/wp-json\/wp\/v2\/media\/658468"}],"wp:attachment":[{"href":"https:\/\/www.europesays.com\/fr\/wp-json\/wp\/v2\/media?parent=658467"}],"wp:term":[{"taxonomy":"category","embeddable":true,"href":"https:\/\/www.europesays.com\/fr\/wp-json\/wp\/v2\/categories?post=658467"},{"taxonomy":"post_tag","embeddable":true,"href":"https:\/\/www.europesays.com\/fr\/wp-json\/wp\/v2\/tags?post=658467"}],"curies":[{"name":"wp","href":"https:\/\/api.w.org\/{rel}","templated":true}]}}