{"id":658471,"date":"2026-01-12T14:10:10","date_gmt":"2026-01-12T14:10:10","guid":{"rendered":"https:\/\/www.europesays.com\/fr\/658471\/"},"modified":"2026-01-12T14:10:10","modified_gmt":"2026-01-12T14:10:10","slug":"marseille-sur-quelle-chaine-et-a-quelle-heure-suivre-le-match-de-coupe-de-france","status":"publish","type":"post","link":"https:\/\/www.europesays.com\/fr\/658471\/","title":{"rendered":"Marseille\u00a0: sur quelle cha\u00eene et \u00e0 quelle heure suivre le match de Coupe de France\u00a0?"},"content":{"rendered":"<p>L\u2019OM est le dernier club \u00e0 jouer son 16e de finale de la Coupe de France. Les Phoc\u00e9ens affrontent ce mardi l\u2019un des deux seuls rescap\u00e9s de R\u00e9gional\u00a0: les Normands de Bayeux. Les Marseillais, dont le dernier titre en Coupe de France remonte \u00e0 1989, voudront se remettre de la d\u00e9ception du Troph\u00e9e des Champions, qui leur a \u00e9chapp\u00e9 \u00e0 l\u2019issue des tirs au but apr\u00e8s avoir men\u00e9 2-1 jusqu\u2019\u00e0 la derni\u00e8re minute. Le coup d\u2019envoi sera donn\u00e9 \u00e0 21 heures au stade d\u2019Ornano de Caen.<\/p>\n<p>Sur quelle cha\u00eene\u00a0?<\/p>\n","protected":false},"excerpt":{"rendered":"L\u2019OM est le dernier club \u00e0 jouer son 16e de finale de la Coupe de France. Les Phoc\u00e9ens&hellip;\n","protected":false},"author":2,"featured_media":658472,"comment_status":"","ping_status":"","sticky":false,"template":"","format":"standard","meta":{"footnotes":""},"categories":[2814],"tags":[1111,11,1777,674,1011,27,884,12,882,25],"class_list":{"0":"post-658471","1":"post","2":"type-post","3":"status-publish","4":"format-standard","5":"has-post-thumbnail","7":"category-marseille","8":"tag-actu","9":"tag-actualites","10":"tag-eu","11":"tag-europe","12":"tag-fr","13":"tag-france","14":"tag-marseille","15":"tag-news","16":"tag-provence-alpes-cote-dazur","17":"tag-republique-francaise"},"share_on_mastodon":{"url":"https:\/\/pubeurope.com\/@fr\/115882532810380090","error":""},"_links":{"self":[{"href":"https:\/\/www.europesays.com\/fr\/wp-json\/wp\/v2\/posts\/658471","targetHints":{"allow":["GET"]}}],"collection":[{"href":"https:\/\/www.europesays.com\/fr\/wp-json\/wp\/v2\/posts"}],"about":[{"href":"https:\/\/www.europesays.com\/fr\/wp-json\/wp\/v2\/types\/post"}],"author":[{"embeddable":true,"href":"https:\/\/www.europesays.com\/fr\/wp-json\/wp\/v2\/users\/2"}],"replies":[{"embeddable":true,"href":"https:\/\/www.europesays.com\/fr\/wp-json\/wp\/v2\/comments?post=658471"}],"version-history":[{"count":0,"href":"https:\/\/www.europesays.com\/fr\/wp-json\/wp\/v2\/posts\/658471\/revisions"}],"wp:featuredmedia":[{"embeddable":true,"href":"https:\/\/www.europesays.com\/fr\/wp-json\/wp\/v2\/media\/658472"}],"wp:attachment":[{"href":"https:\/\/www.europesays.com\/fr\/wp-json\/wp\/v2\/media?parent=658471"}],"wp:term":[{"taxonomy":"category","embeddable":true,"href":"https:\/\/www.europesays.com\/fr\/wp-json\/wp\/v2\/categories?post=658471"},{"taxonomy":"post_tag","embeddable":true,"href":"https:\/\/www.europesays.com\/fr\/wp-json\/wp\/v2\/tags?post=658471"}],"curies":[{"name":"wp","href":"https:\/\/api.w.org\/{rel}","templated":true}]}}