{"id":658473,"date":"2026-01-12T14:11:09","date_gmt":"2026-01-12T14:11:09","guid":{"rendered":"https:\/\/www.europesays.com\/fr\/658473\/"},"modified":"2026-01-12T14:11:09","modified_gmt":"2026-01-12T14:11:09","slug":"lyon-bruno-bernard-promet-une-extension-majeure-du-reseau-velov-voici-le-projet","status":"publish","type":"post","link":"https:\/\/www.europesays.com\/fr\/658473\/","title":{"rendered":"Lyon. Bruno Bernard promet une extension \u00ab\u00a0majeure\u00a0\u00bb du r\u00e9seau V\u00e9lo&rsquo;v, voici le projet"},"content":{"rendered":"<p>                    Par<br \/>\n        <strong><br \/>\n            <a href=\"https:\/\/actu.fr\/auteur\/nicolas-zaugra\" title=\"Consulter tous les articles de Nicolas Zaugra\" target=\"_blank\" rel=\"noopener\">Nicolas Zaugra<\/a><br \/>\n                    <\/strong><\/p>\n<p>        Publi\u00e9 le<\/p>\n<p>            12 janv. 2026 \u00e0 11h41<br \/>\n        ; mis \u00e0 jour le 12 janv. 2026 \u00e0 11h42    <\/p>\n<p><strong>INFO ACTU LYON<\/strong>. <a href=\"https:\/\/actu.fr\/auvergne-rhone-alpes\/lyon_69123\/lyon-bruno-bernard-propose-une-nouvelle-gratuite-pour-les-tcl-voici-laquelle_63649573.html\" target=\"_blank\" rel=\"noopener\">Bruno Bernard<\/a>, pr\u00e9sident de la M\u00e9tropole de <a href=\"https:\/\/actu.fr\/auvergne-rhone-alpes\/lyon_69123\" target=\"_blank\" rel=\"noopener\">Lyon<\/a> et candidat \u00e0 sa r\u00e9\u00e9lection, annonce lundi 12 janvier \u00e0 actu Lyon une extension \u00ab\u00a0majeure\u00a0\u00bb du <a href=\"https:\/\/actu.fr\/tag\/velo-v\" target=\"_blank\" rel=\"noopener\">r\u00e9seau de v\u00e9los en libre service V\u00e9lo\u2019v<\/a> en cas de r\u00e9\u00e9lection en mars prochain.\u00a0<\/p>\n<p class=\" wall-content\">\u00ab\u00a0Nous annon\u00e7ons l\u2019extension du r\u00e9seau de V\u00e9lo\u2019v, une nouvelle \u00e9tape va \u00eatre franchie\u00a0\u00bb, poursuit le pr\u00e9sident \u00e9cologiste.<\/p>\n<p>250 nouvelles stations et 2 000 v\u00e9los en plus d\u00e8s 2027<\/p>\n<p class=\" wall-content\">Le candidat et l\u2019union de la gauche veulent \u00e9tendre significativement le r\u00e9seau de stations avec l\u2019implantation de 250 nouvelles \u00ab\u00a0d\u00e8s 2027\u00a0\u00bb. La M\u00e9tropole envisage d\u2019ajouter 2 000 V\u00e9lo\u2019v \u00e9lectriques en plus. Le r\u00e9seau g\u00e9r\u00e9 par JC Decaux comprendrait donc <strong>\u00e0 terme au total 700 stations et 7 500 V\u00e9lo\u2019v \u00e9lectriques et m\u00e9caniques<\/strong>.<\/p>\n<p class=\" wall-content\">\u00ab\u00a0L\u2019\u00e9tat d\u2019esprit est d\u2019\u00e9tendre \u00e0 la premi\u00e8re couronne et aux zones un peu denses pour profiter au mieux du r\u00e9seau\u00a0\u00bb, nous explique Bruno Bernard. \u00ab\u00a0\u00c0 terme, la flotte V\u00e9lo\u2019v serait compos\u00e9e aux deux tiers de v\u00e9los \u00e9lectriques, en coh\u00e9rence avec les usages actuels, d\u00e9j\u00e0 majoritairement \u00e9lectriques\u00a0\u00bb, poursuit l\u2019\u00e9quipe de campagne.<\/p>\n<p>Des communes concern\u00e9es dans l\u2019est, le nord, le sud<\/p>\n<p class=\" wall-content\">Les communes vis\u00e9es en priorit\u00e9 pour l\u2019arriv\u00e9e des nouvelles stations sont : Oullins-Pierre-B\u00e9nite, Givors, Saint-Genis-Laval, Bron, Saint-Priest, Vaulx-en-Velin, D\u00e9cines, Meyzieu, Caluire, Rillieux-la-Pape, Champagne-au-Mont-d\u2019Or, \u00c9cully, Francheville, Tassin-la-Demi-Lune, ainsi que plusieurs communes du Val de Sa\u00f4ne.<\/p>\n<p class=\" wall-content\">\u00ab\u00a0Nous d\u00e9ploierons aussi de nouvelles stations \u00e0 Lyon, notamment sur les hauteurs de la ville, et Villeurbanne et en agrandir certaines car elles sont satur\u00e9es\u00a0\u00bb, selon Bruno Bernard.\u00a0<\/p>\n<p>Votre r\u00e9gion, votre actu !<\/p>\n<p>Recevez chaque jour les infos qui comptent pour vous.<\/p>\n<p>\t<a href=\"https:\/\/actu.fr\/newsletter\" class=\"ac-btn ac-btn--corner ac-btn--medium ac-btn--blue800\" target=\"_blank\" rel=\"noopener\">S&rsquo;incrire<\/a><\/p>\n<p class=\" wall-content\">Le contrat avec JC Decaux court jusqu\u2019en 2032. Le co\u00fbt global de l\u2019extension du r\u00e9seau s\u2019\u00e9l\u00e8ve \u00e0 environ 4 millions d\u2019euros, selon nos informations. \u00ab\u00a0Avec un tiers de recettes suppl\u00e9mentaires, il reste \u00e0 couvrir environ 2,2 millions d\u2019euros\u00a0\u00bb, affirme le pr\u00e9sident de la M\u00e9tropole. Il faut compter environ 10 000 euros par station.<\/p>\n<p>De nouvelles stations sur les hauteurs de Lyon<\/p>\n<p class=\" wall-content\">L\u2019\u00e9lu se dit \u00ab\u00a0satisfait\u00a0\u00bb du travail de l\u2019op\u00e9rateur ces derniers mois qui a \u00e9t\u00e9 confront\u00e9 \u00e0 quelques couacs sur les v\u00e9los en libre service : probl\u00e8mes de <a href=\"https:\/\/actu.fr\/auvergne-rhone-alpes\/lyon_69123\/lyon-un-bruit-assourdissant-les-nouveaux-velo-v-electriques-sont-ils-deja-uses_63296532.html\" target=\"_blank\" rel=\"noopener\">freins, bruits, stations satur\u00e9es<\/a>, application qui bug\u2026 \u00ab\u00a0La gestion des probl\u00e8mes s\u2019am\u00e9liore de mois en mois. Les v\u00e9los sont d\u2019une tr\u00e8s grande efficacit\u00e9. Il y a une forte rotation des v\u00e9los \u00e9lectriques, huit en moyenne et parfois jusqu\u2019\u00e0 15.\u00a0\u00bb<\/p>\n<p class=\" wall-content\">La M\u00e9tropole assure d\u00e9sormais qu\u2019il y a plus de 105 000 abonn\u00e9s au service, \u00ab\u00a0un record historique\u00a0\u00bb. \u00ab\u00a0Les trajets ont \u00e9t\u00e9 multipli\u00e9s par trois dans les quartiers en hauteur comme la Croix-Rousse, Fourvi\u00e8re ou Sainte-Foy-l\u00e8s-Lyon.\u00a0\u00bb<\/p>\n<p class=\" wall-content\">Sur le d\u00e9ploiement des pistes cyclables, l\u2019un des axes fort du mandat des \u00e9cologistes mais aussi un irritant pour certains, Bruno Bernard nous affirme vouloir continuer.<\/p>\n<p class=\" wall-content\">\u00ab\u00a0Les Voies lyonnaises sont annonc\u00e9es et d\u00e9ploy\u00e9es encore durant le mandat prochain. Un \u00e9talement des travaux plus importants est pr\u00e9vu que durant ce mandat. Le r\u00e9seau secondaire sera travaill\u00e9 aussi. On va poursuivre les Voies lyonnaises\u00a0\u00bb, dit-il alors que l\u2019union de la gauche a surtout mis\u00e9 son d\u00e9but de campagne sur des sujets sociaux comme le logement, l\u2019\u00e9ducation ou m\u00eame la s\u00e9curit\u00e9.<\/p>\n<p class=\" wall-content\">Personnalisez votre actualit\u00e9 en ajoutant vos villes et m\u00e9dias en favori avec <a href=\"https:\/\/moncompte.actu.fr\" title=\"D\u00e9couvez Mon Actu\" rel=\"nofollow noopener\" data-trk=\"{&quot;cta&quot;:{&quot;action&quot;:&quot;https:\\\/\\\/moncompte.actu.fr&quot;,&quot;category&quot;:&quot;mon compte&quot;,&quot;from&quot;:&quot;article footer&quot;,&quot;name&quot;:&quot;Mon actu&quot;,&quot;type&quot;:&quot;cta&quot;}}\" target=\"_blank\">Mon Actu<\/a>.<\/p>\n","protected":false},"excerpt":{"rendered":"Par Nicolas Zaugra Publi\u00e9 le 12 janv. 2026 \u00e0 11h41 ; mis \u00e0 jour le 12 janv. 2026&hellip;\n","protected":false},"author":2,"featured_media":658474,"comment_status":"","ping_status":"","sticky":false,"template":"","format":"standard","meta":{"footnotes":""},"categories":[1889],"tags":[1111,11,2430,5921,4188,1777,674,1011,27,2428,3434,12,316,25,11091],"class_list":{"0":"post-658473","1":"post","2":"type-post","3":"status-publish","4":"format-standard","5":"has-post-thumbnail","7":"category-lyon","8":"tag-actu","9":"tag-actualites","10":"tag-auvergne-rhone-alpes","11":"tag-bruno-bernard","12":"tag-elections-municipales","13":"tag-eu","14":"tag-europe","15":"tag-fr","16":"tag-france","17":"tag-lyon","18":"tag-municipales-2026","19":"tag-news","20":"tag-politique","21":"tag-republique-francaise","22":"tag-velov"},"share_on_mastodon":{"url":"https:\/\/pubeurope.com\/@fr\/115882536755476356","error":""},"_links":{"self":[{"href":"https:\/\/www.europesays.com\/fr\/wp-json\/wp\/v2\/posts\/658473","targetHints":{"allow":["GET"]}}],"collection":[{"href":"https:\/\/www.europesays.com\/fr\/wp-json\/wp\/v2\/posts"}],"about":[{"href":"https:\/\/www.europesays.com\/fr\/wp-json\/wp\/v2\/types\/post"}],"author":[{"embeddable":true,"href":"https:\/\/www.europesays.com\/fr\/wp-json\/wp\/v2\/users\/2"}],"replies":[{"embeddable":true,"href":"https:\/\/www.europesays.com\/fr\/wp-json\/wp\/v2\/comments?post=658473"}],"version-history":[{"count":0,"href":"https:\/\/www.europesays.com\/fr\/wp-json\/wp\/v2\/posts\/658473\/revisions"}],"wp:featuredmedia":[{"embeddable":true,"href":"https:\/\/www.europesays.com\/fr\/wp-json\/wp\/v2\/media\/658474"}],"wp:attachment":[{"href":"https:\/\/www.europesays.com\/fr\/wp-json\/wp\/v2\/media?parent=658473"}],"wp:term":[{"taxonomy":"category","embeddable":true,"href":"https:\/\/www.europesays.com\/fr\/wp-json\/wp\/v2\/categories?post=658473"},{"taxonomy":"post_tag","embeddable":true,"href":"https:\/\/www.europesays.com\/fr\/wp-json\/wp\/v2\/tags?post=658473"}],"curies":[{"name":"wp","href":"https:\/\/api.w.org\/{rel}","templated":true}]}}