{"id":658475,"date":"2026-01-12T14:12:10","date_gmt":"2026-01-12T14:12:10","guid":{"rendered":"https:\/\/www.europesays.com\/fr\/658475\/"},"modified":"2026-01-12T14:12:10","modified_gmt":"2026-01-12T14:12:10","slug":"gregory-doucet-promet-de-faire-bondir-le-nombre-de-logements-sociaux","status":"publish","type":"post","link":"https:\/\/www.europesays.com\/fr\/658475\/","title":{"rendered":"Gr\u00e9gory Doucet promet de faire bondir le nombre de logements sociaux"},"content":{"rendered":"<p>                    Par<br \/>\n        <strong><br \/>\n            <a href=\"https:\/\/actu.fr\/auteur\/emma-ressegaire\" title=\"Consulter tous les articles de Emma Ressegaire\" target=\"_blank\" rel=\"noopener\">Emma Ressegaire<\/a><br \/>\n                    <\/strong><\/p>\n<p>        Publi\u00e9 le<\/p>\n<p>            12 janv. 2026 \u00e0 13h55<br \/>\n        ; mis \u00e0 jour le 12 janv. 2026 \u00e0 13h56    <\/p>\n<p>Le maire sortant <a href=\"https:\/\/actu.fr\/auvergne-rhone-alpes\/lyon_69123\/incendie-de-crans-montana-gregory-doucet-prend-des-mesures-radicales-ce-qui-va-changer-a-lyon_63674985.html\" target=\"_blank\" rel=\"noopener\">Gr\u00e9gory Doucet<\/a> continue de peaufiner son programme\u00a0en cas de r\u00e9\u00e9lection lors des <strong>\u00e9lections municipales 2026<\/strong> \u00e0 <a href=\"https:\/\/actu.fr\/auvergne-rhone-alpes\/lyon_69123\" target=\"_blank\" rel=\"noopener\">Lyon<\/a>. Apr\u00e8s de premi\u00e8res annonces sur le logement il y a quelques semaines, l\u2019\u00e9lu \u00e9cologiste en fait de nouvelles, dont une particuli\u00e8rement marquante, ce lundi 12 janvier.<\/p>\n<p>30% de logements sociaux d\u2019ici 2040<\/p>\n<p class=\" wall-content\">La premi\u00e8re concerne les <a href=\"https:\/\/actu.fr\/tag\/logements-sociaux\" target=\"_blank\" rel=\"noopener\">logements sociaux<\/a>. Alors qu\u2019aujourd\u2019hui le taux de logements sociaux \u00e0 Lyon est de 24 %, Gr\u00e9gory Doucet souhaite atteindre les 30 % en 2040. Cela repr\u00e9senterait environ <strong>plus de 1 600 logements sociaux par an<\/strong>. \u00ab\u00a0Plus de 70 % des Lyonnais sont \u00e9ligibles \u00e0 un logement social\u00a0\u00bb, d\u00e9taille Laurence Boffet. Une hausse qui passerait par la construction mais aussi par l\u2019acquisition de logements d\u00e9j\u00e0 existants.<\/p>\n<p class=\" wall-content\">La deuxi\u00e8me concerne le mal-logement. Gr\u00e9gory Doucet souhaite cr\u00e9er <strong>un fond d\u2019adaptation des logements \u00e0 la chaleur<\/strong>. L\u2019objectif ? Lever certains freins \u00e9conomiques importants pour r\u00e9aliser des petits travaux. \u00ab\u00a0On a vu des nouvelles formes de mal-logement notamment li\u00e9es au confort d\u2019\u00e9t\u00e9\u00a0\u00bb, argumente Laurence Boffet, vice-pr\u00e9sidente \u00e0 la m\u00e9tropole de Lyon.<\/p>\n<p class=\" wall-content\">Ce fond sera compl\u00e9mentaire de ce qu\u2019il existe d\u00e9j\u00e0 : comme EcoR\u00e9no\u2019v et MaPrimeR\u00e9nov\u2019 qui ne sont qu\u2019\u00e0 destination de travaux importants comme l\u2019isolation. Il devrait servir \u00e0 la mise en place d<strong>\u2018\u00e9quipements dits rapides et plut\u00f4t abordables<\/strong> en attendant d\u2019autres actes de r\u00e9novations plus importants. \u00ab\u00a0Des volets simples ou roulants, des ventilateurs fixes\u2026 On peut avoir des gains jusqu\u2019\u00e0 -4\u00b0 C ressentis en une seule action\u00a0\u00bb, poursuit Laurence Boffet.<\/p>\n<p>Extension du r\u00e9seau de chaleur urbain<\/p>\n<p class=\" wall-content\">Ce th\u00e8me du logement a permis de pr\u00e9senter une premi\u00e8re proposition conjointe entre les majorit\u00e9s sortantes de la Ville de Lyon et de la M\u00e9tropole de Lyon. En effet, Renaud Payre en a profit\u00e9 pour d\u00e9voiler <strong>une autre mesure du programme<\/strong> de Bruno Bernard, candidat aux \u00e9lections m\u00e9tropolitaines, qui impacterait directement la Ville.\u00a0<\/p>\n<p class=\" wall-content\">\u00ab\u00a0Nous sommes trop d\u00e9pendants encore aujourd\u2019hui du march\u00e9 de l\u2019\u00e9nergie. La flamb\u00e9e des prix a eu des r\u00e9percussions imm\u00e9diates. Il y a un levier o\u00f9 nous pouvons agir plus : <strong>le r\u00e9seau de chaleur urbain<\/strong>\u00ab\u00a0, indique Renaud Payre. Un engagement du c\u00f4t\u00e9 de la M\u00e9tropole qui a des r\u00e9percussions imm\u00e9diates sur la ville de Lyon. \u00c0 l\u2019heure actuelle, au niveau m\u00e9tropolitain, 129 000 logements\u00a0 sont raccord\u00e9s. Renaud Payre propose de doubler ce chiffre, soit d\u2019atteindre<strong> les 250 000 logements<\/strong> \u00e0 l\u2019\u00e9chelle de la m\u00e9tropole de Lyon d\u2019ici 2032.<\/p>\n<p>Votre r\u00e9gion, votre actu !<\/p>\n<p>Recevez chaque jour les infos qui comptent pour vous.<\/p>\n<p>\t<a href=\"https:\/\/actu.fr\/newsletter\" class=\"ac-btn ac-btn--corner ac-btn--medium ac-btn--blue800\" target=\"_blank\" rel=\"noopener\">S&rsquo;incrire<\/a><\/p>\n<p class=\" wall-content\">Par cons\u00e9quent, deux r\u00e9seaux seront d\u00e9velopp\u00e9s ou \u00e9tendus : celui de Sa\u00f4ne Yzeron qui aura des r\u00e9percussions directes sur Lyon 5e et Lyon 9e et l\u2019extension de celui du Plateau Nord qui permettra de raccorder des milliers de logements de Lyon 1er et Lyon 4e.<\/p>\n<p class=\" wall-content\">\u00ab\u00a0L\u2019objectif \u00e0 Lyon est que l\u2019on puisse se loger de mani\u00e8re abordable et bien se loger d\u2019o\u00f9 la consid\u00e9ration importante que nous donnons aujourd\u2019hui \u00e0 cette question de d\u00e9cence thermique avec <strong>un confort d\u2019hiver et d\u2019\u00e9t\u00e9<\/strong>\u00ab\u00a0, conclut Gr\u00e9gory Doucet.<\/p>\n<p class=\" wall-content\">Avec toutes ces mesures, ce dernier souhaite ainsi cr\u00e9er un <strong>service public du logement<\/strong>.<\/p>\n<p class=\" wall-content\">Personnalisez votre actualit\u00e9 en ajoutant vos villes et m\u00e9dias en favori avec <a href=\"https:\/\/moncompte.actu.fr\" title=\"D\u00e9couvez Mon Actu\" rel=\"nofollow noopener\" data-trk=\"{&quot;cta&quot;:{&quot;action&quot;:&quot;https:\\\/\\\/moncompte.actu.fr&quot;,&quot;category&quot;:&quot;mon compte&quot;,&quot;from&quot;:&quot;article footer&quot;,&quot;name&quot;:&quot;Mon actu&quot;,&quot;type&quot;:&quot;cta&quot;}}\" target=\"_blank\">Mon Actu<\/a>.<\/p>\n","protected":false},"excerpt":{"rendered":"Par Emma Ressegaire Publi\u00e9 le 12 janv. 2026 \u00e0 13h55 ; mis \u00e0 jour le 12 janv. 2026&hellip;\n","protected":false},"author":2,"featured_media":658476,"comment_status":"","ping_status":"","sticky":false,"template":"","format":"standard","meta":{"footnotes":""},"categories":[1889],"tags":[1111,11,2430,4188,1777,674,1011,27,5226,6459,2428,3434,12,316,25],"class_list":{"0":"post-658475","1":"post","2":"type-post","3":"status-publish","4":"format-standard","5":"has-post-thumbnail","7":"category-lyon","8":"tag-actu","9":"tag-actualites","10":"tag-auvergne-rhone-alpes","11":"tag-elections-municipales","12":"tag-eu","13":"tag-europe","14":"tag-fr","15":"tag-france","16":"tag-gregory-doucet","17":"tag-logements-sociaux","18":"tag-lyon","19":"tag-municipales-2026","20":"tag-news","21":"tag-politique","22":"tag-republique-francaise"},"share_on_mastodon":{"url":"https:\/\/pubeurope.com\/@fr\/115882540541188616","error":""},"_links":{"self":[{"href":"https:\/\/www.europesays.com\/fr\/wp-json\/wp\/v2\/posts\/658475","targetHints":{"allow":["GET"]}}],"collection":[{"href":"https:\/\/www.europesays.com\/fr\/wp-json\/wp\/v2\/posts"}],"about":[{"href":"https:\/\/www.europesays.com\/fr\/wp-json\/wp\/v2\/types\/post"}],"author":[{"embeddable":true,"href":"https:\/\/www.europesays.com\/fr\/wp-json\/wp\/v2\/users\/2"}],"replies":[{"embeddable":true,"href":"https:\/\/www.europesays.com\/fr\/wp-json\/wp\/v2\/comments?post=658475"}],"version-history":[{"count":0,"href":"https:\/\/www.europesays.com\/fr\/wp-json\/wp\/v2\/posts\/658475\/revisions"}],"wp:featuredmedia":[{"embeddable":true,"href":"https:\/\/www.europesays.com\/fr\/wp-json\/wp\/v2\/media\/658476"}],"wp:attachment":[{"href":"https:\/\/www.europesays.com\/fr\/wp-json\/wp\/v2\/media?parent=658475"}],"wp:term":[{"taxonomy":"category","embeddable":true,"href":"https:\/\/www.europesays.com\/fr\/wp-json\/wp\/v2\/categories?post=658475"},{"taxonomy":"post_tag","embeddable":true,"href":"https:\/\/www.europesays.com\/fr\/wp-json\/wp\/v2\/tags?post=658475"}],"curies":[{"name":"wp","href":"https:\/\/api.w.org\/{rel}","templated":true}]}}