{"id":658495,"date":"2026-01-12T14:24:11","date_gmt":"2026-01-12T14:24:11","guid":{"rendered":"https:\/\/www.europesays.com\/fr\/658495\/"},"modified":"2026-01-12T14:24:11","modified_gmt":"2026-01-12T14:24:11","slug":"besoin-de-recharger-les-batteries-partez-visiter-cette-ville-deurope-elle-a-ete-elue-la-plus-heureuse-du-monde-en-2025","status":"publish","type":"post","link":"https:\/\/www.europesays.com\/fr\/658495\/","title":{"rendered":"Besoin de recharger les batteries ? Partez visiter cette ville d&rsquo;Europe, elle a \u00e9t\u00e9 \u00e9lue \u00ab\u00a0la plus heureuse du monde\u00a0\u00bb en 2025"},"content":{"rendered":"<p>Ville la plus heureuse du monde 2025 : le classement qui change<br \/>\nla donne<\/p>\n<p>Le bonheur a encore boug\u00e9 sur la carte : en 2025, l\u2019adresse la<br \/>\nplus convoit\u00e9e ne se trouve plus o\u00f9 on l\u2019attendait. Apr\u00e8s des<br \/>\nann\u00e9es \u00e0 voir Helsinki r\u00e9gner, un nouvel \u00e9quilibre s\u2019installe. Pr\u00e8s<br \/>\nde 150 chercheurs ont pass\u00e9 au crible des dizaines de m\u00e9tropoles en<br \/>\ncroisant donn\u00e9es et v\u00e9cus d\u2019habitants, pour dresser un portrait<br \/>\nnuanc\u00e9 du bien-\u00eatre urbain. Cette approche m\u00eale s\u00e9rieux acad\u00e9mique<br \/>\net r\u00e9alit\u00e9 du quotidien.<\/p>\n<p>Le r\u00e9sultat s\u2019appelle <strong>Happy City Index 2025<\/strong> et<br \/>\ns\u2019appuie sur 82 indicateurs r\u00e9partis en six familles, de la sant\u00e9 \u00e0<br \/>\nla mobilit\u00e9, en passant par l\u2019environnement, l\u2019\u00e9conomie, les<br \/>\ncitoyens et la gouvernance. L\u2019objectif affich\u00e9 par l\u2019Institut pour<br \/>\nla Qualit\u00e9 de Vie est de \u00ab\u00a0cultiver et d\u00e9velopper le bonheur\u00a0\u00bb,<br \/>\npr\u00e9cise l\u2019organisation, selon Le Figaro. La r\u00e9ponse surprend.<\/p>\n<p>Copenhague \u00e9lue n\u00b01 : pourquoi la capitale danoise s\u2019impose en<br \/>\n2025<\/p>\n<p><strong>Copenhague<\/strong> prend la t\u00eate et d\u00e9tr\u00f4ne Helsinki.<br \/>\nAvec <strong>1039 points<\/strong>, la capitale danoise devance<br \/>\n<strong>Zurich<\/strong> et <strong>Singapour<\/strong>. Son avance<br \/>\ntient \u00e0 des scores tr\u00e8s \u00e9lev\u00e9s dans les cat\u00e9gories \u00ab\u00a0Citoyens\u00a0\u00bb (237)<br \/>\net \u00ab\u00a0Gouvernance\u00a0\u00bb (177). Sur le terrain, cela se traduit par une<br \/>\ncouverture sant\u00e9 universelle, un acc\u00e8s \u00e0 4,4 m\u00e9decins pour 1000<br \/>\nhabitants et une esp\u00e9rance de vie de 79,9 ans. Des fondamentaux qui<br \/>\nr\u00e9duisent l\u2019anxi\u00e9t\u00e9 et posent un cadre de vie stable.<\/p>\n<p>Le d\u00e9cor compte aussi. Urbanisme apais\u00e9, kilom\u00e8tres de pistes<br \/>\ncyclables, services publics solides, criminalit\u00e9 r\u00e9duite et<br \/>\ncoh\u00e9sion sociale dessinent un climat serein. Nyhavn et ses fa\u00e7ades<br \/>\ncolor\u00e9es invitent \u00e0 ralentir, comme ces tables o\u00f9 l\u2019on partage<br \/>\nsm\u00f8rrebr\u00f8d et frikadeller. La ville mise sur la culture avec ses<br \/>\nfestivals de jazz et d\u2019op\u00e9ra, qui renforcent l\u2019appartenance. Ici,<br \/>\nle quotidien se vit \u00e0 un rythme plus doux, sans sacrifier l\u2019\u00e9nergie<br \/>\ncr\u00e9ative.<\/p>\n<p>Comment s\u2019y ressourcer : 48 heures bien-\u00eatre \u00e0 Copenhague<\/p>\n<p>Jour 1. Louer un v\u00e9lo et filer le long des canaux pour sentir la<br \/>\nville se d\u00e9rouler sans heurts. Pause \u00e0 Nyhavn, terrasse au soleil,<br \/>\nd\u00e9jeuner de sm\u00f8rrebr\u00f8d dans une adresse simple. L\u2019apr\u00e8s-midi, cap<br \/>\nsur le ch\u00e2teau de Rosenborg ou les serres du jardin botanique, deux<br \/>\nparenth\u00e8ses verdoyantes au c\u0153ur urbain. En soir\u00e9e, un concert ou un<br \/>\nspectacle d\u2019op\u00e9ra selon la saison, pour prolonger cette<br \/>\nrespiration.<\/p>\n<p>Jour 2. Matin calme dans un parc ou au bord de l\u2019eau, caf\u00e9 dans<br \/>\nune ambiance cosy, cette esth\u00e9tique soign\u00e9e qui r\u00e9conforte.<br \/>\nD\u00e9jeuner r\u00e9confortant, pourquoi pas des frikadeller. L\u2019apr\u00e8s-midi,<br \/>\nmus\u00e9es et lieux de design racontent comment la ville concilie<br \/>\nbeaut\u00e9 et usage. On termine sans programme, \u00e0 pied ou \u00e0 v\u00e9lo, juste<br \/>\npour fl\u00e2ner. Ici, l\u2019\u00e9quilibre travail-vie perso se ressent aussi<br \/>\nc\u00f4t\u00e9 visiteurs.<\/p>\n<p>Top mondial et place de la France : o\u00f9<br \/>\nse situe Paris ?<\/p>\n<p>Le podium 2025 couronne Copenhague devant<br \/>\n<strong>Zurich<\/strong> et <strong>Singapour<\/strong>. L\u2019Europe<br \/>\nreste tr\u00e8s pr\u00e9sente, avec Aarhus, Anvers, Stockholm, Munich ou<br \/>\nRotterdam bien plac\u00e9es. Ce basculement confirme qu\u2019un mod\u00e8le danois<br \/>\ndu bien-\u00eatre urbain s\u2019affirme, fond\u00e9 sur la confiance<br \/>\ninstitutionnelle, la culture accessible et la mobilit\u00e9 douce, sans<br \/>\nrenoncer \u00e0 la vitalit\u00e9 \u00e9conomique.<\/p>\n<p>C\u00f4t\u00e9 France, aucune ville dans le top 10. <strong>Paris<br \/>\n13e<\/strong> reste la seule repr\u00e9sentante, frein\u00e9e par le co\u00fbt de<br \/>\nla vie et la densit\u00e9, malgr\u00e9 sa force culturelle et son dynamisme.<br \/>\nLes chercheurs le rappellent \u00e0 leur mani\u00e8re : le bonheur urbain se<br \/>\nconstruit dans la dur\u00e9e, par des investissements et des choix<br \/>\ncollectifs qui r\u00e9organisent l\u2019espace, la sant\u00e9, la culture et le<br \/>\nquotidien. Rien n\u2019est fig\u00e9, la carte peut encore bouger demain.<\/p>\n","protected":false},"excerpt":{"rendered":"Ville la plus heureuse du monde 2025 : le classement qui change la donne Le bonheur a encore&hellip;\n","protected":false},"author":2,"featured_media":658496,"comment_status":"","ping_status":"","sticky":false,"template":"","format":"standard","meta":{"footnotes":""},"categories":[1586],"tags":[17,13041,11,13668,26269,3477,12082,1805,3029,3170,20906,3026,2883,1777,674,1011,27,42405,4743,151,74,12,29647,378,76087,25,4824,14560],"class_list":{"0":"post-658495","1":"post","2":"type-post","3":"status-publish","4":"format-standard","5":"has-post-thumbnail","7":"category-europe","8":"tag-17","9":"tag-a","10":"tag-actualites","11":"tag-batteries","12":"tag-besoin","13":"tag-cette","14":"tag-deurope","15":"tag-de","16":"tag-du","17":"tag-elle","18":"tag-elue","19":"tag-en","20":"tag-ete","21":"tag-eu","22":"tag-europe","23":"tag-fr","24":"tag-france","25":"tag-heureuse","26":"tag-la","27":"tag-les","28":"tag-monde","29":"tag-news","30":"tag-partez","31":"tag-plus","32":"tag-recharger","33":"tag-republique-francaise","34":"tag-ville","35":"tag-visiter"},"share_on_mastodon":{"url":"https:\/\/pubeurope.com\/@fr\/115882587853230897","error":""},"_links":{"self":[{"href":"https:\/\/www.europesays.com\/fr\/wp-json\/wp\/v2\/posts\/658495","targetHints":{"allow":["GET"]}}],"collection":[{"href":"https:\/\/www.europesays.com\/fr\/wp-json\/wp\/v2\/posts"}],"about":[{"href":"https:\/\/www.europesays.com\/fr\/wp-json\/wp\/v2\/types\/post"}],"author":[{"embeddable":true,"href":"https:\/\/www.europesays.com\/fr\/wp-json\/wp\/v2\/users\/2"}],"replies":[{"embeddable":true,"href":"https:\/\/www.europesays.com\/fr\/wp-json\/wp\/v2\/comments?post=658495"}],"version-history":[{"count":0,"href":"https:\/\/www.europesays.com\/fr\/wp-json\/wp\/v2\/posts\/658495\/revisions"}],"wp:featuredmedia":[{"embeddable":true,"href":"https:\/\/www.europesays.com\/fr\/wp-json\/wp\/v2\/media\/658496"}],"wp:attachment":[{"href":"https:\/\/www.europesays.com\/fr\/wp-json\/wp\/v2\/media?parent=658495"}],"wp:term":[{"taxonomy":"category","embeddable":true,"href":"https:\/\/www.europesays.com\/fr\/wp-json\/wp\/v2\/categories?post=658495"},{"taxonomy":"post_tag","embeddable":true,"href":"https:\/\/www.europesays.com\/fr\/wp-json\/wp\/v2\/tags?post=658495"}],"curies":[{"name":"wp","href":"https:\/\/api.w.org\/{rel}","templated":true}]}}