{"id":6585,"date":"2025-04-07T00:25:44","date_gmt":"2025-04-07T00:25:44","guid":{"rendered":"https:\/\/www.europesays.com\/fr\/6585\/"},"modified":"2025-04-07T00:25:44","modified_gmt":"2025-04-07T00:25:44","slug":"video-au-festival-mythos-a-rennes-le-plancher-de-cette-scene-saffaisse-sous-la-ferveur-du-public","status":"publish","type":"post","link":"https:\/\/www.europesays.com\/fr\/6585\/","title":{"rendered":"VID\u00c9O. Au festival Mythos \u00e0 Rennes, le plancher de cette sc\u00e8ne s&rsquo;affaisse sous la ferveur du public"},"content":{"rendered":"<p>            Par<br \/>\n        <strong><br \/>\n            <a href=\"https:\/\/actu.fr\/auteur\/brian-legoff\" title=\"Consulter tous les articles de Brian Le Goff\" target=\"_blank\" rel=\"noopener\">Brian Le Goff<\/a><br \/>\n        <\/strong><\/p>\n<p>        Publi\u00e9 le<\/p>\n<p>            3 avr. 2025 \u00e0 18h47        <\/p>\n<p>Elle est la <strong>grande nouveaut\u00e9 de l\u2019\u00e9dition 2025<\/strong> du <a href=\"https:\/\/actu.fr\/bretagne\/rennes_35238\/festival-mythos-2025-a-rennes-vous-avez-oublie-les-temps-forts-de-la-programmation-on-vous-resume_62226411.html\" target=\"_blank\" rel=\"noopener\">festival Mythos \u00e0 Rennes<\/a> et fait parler d\u2019elle. Mercredi 2 avril dans la soir\u00e9e, la sc\u00e8ne Cap\u00e9os 360\u00b0 a v\u00e9cu un \u00e9v\u00e9nement impr\u00e9vu au programme.<\/p>\n<p class=\" wall-content\">Alors que le collectif hip-hop UnknownFest se produisait, la <strong>plancher n\u2019a pas r\u00e9sist\u00e9 sous la ferveur du public,<\/strong> comme le r\u00e9v\u00e8le des publications sur les r\u00e9seaux sociaux, relay\u00e9es par nos confr\u00e8res du <a href=\"https:\/\/www.letelegramme.fr\/ille-et-vilaine\/rennes-35000\/festival-mythos-a-rennes-quand-le-plancher-seffondre-en-plein-milieu-dun-concert-video-6791645.php\" target=\"_blank\" rel=\"noopener\">T\u00e9l\u00e9gramme<\/a>.<\/p>\n<p class=\" wall-content\">\n<p>Pas de bless\u00e9, aucune d\u00e9programmation<\/p>\n<p class=\" wall-content\">Fort heureusement, il n\u2019y a eu aucun bless\u00e9. <strong>Seule une partie mineure du sol<\/strong> a \u00e9t\u00e9 concern\u00e9e et s\u2019est effondr\u00e9e sur quelques dizaines de centim\u00e8tres tout au plus.<\/p>\n<p class=\" wall-content\">\n<p class=\" wall-content\">\u00ab\u00a0Le <strong>concert du collectif a pu reprendre<\/strong> sur la sc\u00e8ne du cabaret botanique apr\u00e8s Last Train et le plancher de la <strong>sc\u00e8ne Cap\u00e9os a pu \u00eatre r\u00e9par\u00e9e<\/strong> en un temps record gr\u00e2ce au formidable travail des \u00e9quipes techniques du festival. Ainsi, aucune d\u00e9programmation n\u2019a eu lieu\u00a0\u00bb, indique l\u2019organisation du festival aupr\u00e8s d\u2019<a href=\"https:\/\/actu.fr\/rennes\/\" target=\"_blank\" rel=\"noopener\">actu Rennes<\/a>.<\/p>\n<p>Vid\u00e9os : en ce moment sur Actu<\/p>\n<p class=\" wall-content\">Depuis le d\u00e9but du festival, cette <strong>nouvelle sc\u00e8ne immersive<\/strong>, nich\u00e9e dans le th\u00e9\u00e2tre de verdure du parc du <a href=\"https:\/\/actu.fr\/tag\/thabor\" target=\"_blank\" rel=\"noopener\">Thabor<\/a>, rencontre un grand succ\u00e8s, confirme encore l\u2019organisation.<\/p>\n<p class=\" wall-content\">Ce week-end, c\u2019est le <strong>groupe Fleuves,<\/strong> rattach\u00e9 \u00e0 l\u2019origine au fest-noz, qui se produira avec <strong>Dans \u00d4, une cr\u00e9ation originale pour Mythos<\/strong>.<\/p>\n<p class=\" wall-content\">Suivez toute l\u2019actualit\u00e9 de vos villes et m\u00e9dias favoris en vous inscrivant \u00e0 <a href=\"https:\/\/moncompte.actu.fr\" title=\"D\u00e9couvez Mon Actu\" rel=\"nofollow noopener\" data-trk=\"{&quot;cta&quot;:{&quot;action&quot;:&quot;https:\\\/\\\/moncompte.actu.fr&quot;,&quot;category&quot;:&quot;mon compte&quot;,&quot;from&quot;:&quot;article footer&quot;,&quot;name&quot;:&quot;Mon actu&quot;,&quot;type&quot;:&quot;cta&quot;}}\" target=\"_blank\">Mon Actu<\/a>.<\/p>\n","protected":false},"excerpt":{"rendered":"Par Brian Le Goff Publi\u00e9 le 3 avr. 2025 \u00e0 18h47 Elle est la grande nouveaut\u00e9 de l\u2019\u00e9dition&hellip;\n","protected":false},"author":2,"featured_media":6586,"comment_status":"","ping_status":"","sticky":false,"template":"","format":"standard","meta":{"footnotes":""},"categories":[2821],"tags":[1111,11,829,1777,674,118,1011,27,12,584,25,3781],"class_list":{"0":"post-6585","1":"post","2":"type-post","3":"status-publish","4":"format-standard","5":"has-post-thumbnail","7":"category-rennes","8":"tag-actu","9":"tag-actualites","10":"tag-bretagne","11":"tag-eu","12":"tag-europe","13":"tag-faits-divers","14":"tag-fr","15":"tag-france","16":"tag-news","17":"tag-rennes","18":"tag-republique-francaise","19":"tag-thabor"},"share_on_mastodon":{"url":"https:\/\/pubeurope.com\/@fr\/114293841851557712","error":""},"_links":{"self":[{"href":"https:\/\/www.europesays.com\/fr\/wp-json\/wp\/v2\/posts\/6585","targetHints":{"allow":["GET"]}}],"collection":[{"href":"https:\/\/www.europesays.com\/fr\/wp-json\/wp\/v2\/posts"}],"about":[{"href":"https:\/\/www.europesays.com\/fr\/wp-json\/wp\/v2\/types\/post"}],"author":[{"embeddable":true,"href":"https:\/\/www.europesays.com\/fr\/wp-json\/wp\/v2\/users\/2"}],"replies":[{"embeddable":true,"href":"https:\/\/www.europesays.com\/fr\/wp-json\/wp\/v2\/comments?post=6585"}],"version-history":[{"count":0,"href":"https:\/\/www.europesays.com\/fr\/wp-json\/wp\/v2\/posts\/6585\/revisions"}],"wp:featuredmedia":[{"embeddable":true,"href":"https:\/\/www.europesays.com\/fr\/wp-json\/wp\/v2\/media\/6586"}],"wp:attachment":[{"href":"https:\/\/www.europesays.com\/fr\/wp-json\/wp\/v2\/media?parent=6585"}],"wp:term":[{"taxonomy":"category","embeddable":true,"href":"https:\/\/www.europesays.com\/fr\/wp-json\/wp\/v2\/categories?post=6585"},{"taxonomy":"post_tag","embeddable":true,"href":"https:\/\/www.europesays.com\/fr\/wp-json\/wp\/v2\/tags?post=6585"}],"curies":[{"name":"wp","href":"https:\/\/api.w.org\/{rel}","templated":true}]}}