{"id":658501,"date":"2026-01-12T14:27:21","date_gmt":"2026-01-12T14:27:21","guid":{"rendered":"https:\/\/www.europesays.com\/fr\/658501\/"},"modified":"2026-01-12T14:27:21","modified_gmt":"2026-01-12T14:27:21","slug":"lunion-europeenne-approuve-un-premier-traitement-qui-ralentit-la-progression-du-diabete-de-type-1","status":"publish","type":"post","link":"https:\/\/www.europesays.com\/fr\/658501\/","title":{"rendered":"L&rsquo;Union europ\u00e9enne approuve un premier traitement qui ralentit la progression du diab\u00e8te de type 1"},"content":{"rendered":"\n<p class=\"c-chapo \">\n  Le Teizeild, d\u00e9velopp\u00e9 par Sanofi, a \u00e9t\u00e9 re\u00e7u un feu vert similaire aux Etats-Unis, au Royaume-Uni, en Chine, au Canada, en Isra\u00ebl, dans le Royaume d&rsquo;Arabie saoudite, aux \u00c9mirats arabes unis et au Kowe\u00eft.\n<\/p>\n<p>      lire plus tard<\/p>\n<p id=\"dialog__title\" class=\"dialog__title\">Pour sauvegarder cet article, connectez-vous ou cr\u00e9ez un compte franceinfo<\/p>\n<p class=\"dialog__description\">Sans paiement. Sans abonnement.<\/p>\n<p>        Fermer la fen\u00eatre d\u2019activation des notifications France Info<\/p>\n<p>      cr\u00e9er votre compte<\/p>\n<p>      se connecter<\/p>\n<p>      :<\/p>\n<p>        Fermer la fen\u00eatre de pr\u00e9sentation<\/p>\n<p>    <img loading=\"lazy\" decoding=\"async\" class=\"signature__image lazyload\" width=\"100\" height=\"100\" data- alt=\"\" src=\"https:\/\/www.europesays.com\/fr\/wp-content\/uploads\/2025\/05\/64a68815cd1a7_placeholder-36b69ec8.png\"\/><\/p>\n<p>    Publi\u00e9 le 12\/01\/2026 09:49<\/p>\n<p>        Temps de lecture : 2min<\/p>\n<p>    <img decoding=\"async\"  alt=\"Un laboratoire Sanofi en France, le 27 novembre 2025. (LOU BENOIST \/ AFP)\" width=\"432\" height=\"243\" src=\"https:\/\/www.europesays.com\/fr\/wp-content\/uploads\/2026\/01\/000-86du6hy-6964b579a6eaa756662945.jpg\" fetchpriority=\"high\"\/><\/p>\n<p>      Un laboratoire Sanofi en France, le 27 novembre 2025. (LOU BENOIST \/ AFP)<\/p>\n<p>La Commission europ\u00e9enne vient d&rsquo;approuver la mise sur le march\u00e9 dans l&rsquo;Union europ\u00e9enne d&rsquo;un traitement de Sanofi, nomm\u00e9 Teizeild, qui ralentit <a href=\"https:\/\/www.franceinfo.fr\/replay-radio\/c-est-ma-sante\/diabete-de-type-1-deux-nouveaux-traitements-pour-ralentir-la-progression-de-la-maladie_6220074.html\" target=\"_blank\" rel=\"noopener\">la progression du diab\u00e8te de type 1<\/a>, a annonc\u00e9 lundi 12 janvier le g\u00e9ant pharmaceutique fran\u00e7ais dans un communiqu\u00e9. Teizeild devient \u00ab\u00a0le premier traitement modificateur\u00a0\u00bb du diab\u00e8te de type 1 \u00ab\u00a0approuv\u00e9 dans l&rsquo;UE\u00a0\u00bb, pr\u00e9cise le groupe.<\/p>\n<p>L&rsquo;autorisation porte sur le traitement des adultes et des enfants de plus de 8\u00a0ans atteints de diab\u00e8te de type 1 de stade 2. Administr\u00e9 en perfusion, il ne gu\u00e9rit pas mais ralentit la progression de cette maladie chronique en freinant la r\u00e9action auto-immune. Il agit quand le diab\u00e8te est d\u00e9tectable mais avant l&rsquo;arriv\u00e9e de sympt\u00f4mes pour freiner son \u00e9volution vers le stade clinique de la maladie (stade 3) qui n\u00e9cessite des injections d&rsquo;insuline pour faire baisser la glyc\u00e9mie.<\/p>\n<p>L&rsquo;approbation du traitement par la Commission europ\u00e9enne \u00ab\u00a0est bas\u00e9e sur les r\u00e9sultats positifs\u00a0\u00bb d&rsquo;une \u00e9tude qui d\u00e9montre la capacit\u00e9 de l&rsquo;anticorps monoclonal Teizeild \u00e0 retarder l&rsquo;apparition du stade 3 du diab\u00e8te de type 1 \u00ab\u00a0d&rsquo;une dur\u00e9e m\u00e9diane d&rsquo;environ deux ans par rapport au placebo\u00a0\u00bb, explique Sanofi dans son communiqu\u00e9. A la fin de l&rsquo;\u00e9tude, \u00ab\u00a0la proportion de patients qui sont rest\u00e9s au stade 2 du diab\u00e8te de type 1 \u00e9tait presque deux fois plus \u00e9lev\u00e9e dans le groupe Teizeild que dans le groupe placebo (57% contre 28%)\u00a0\u00bb, assure Sanofi.<\/p>\n<p>En 2023, le groupe pharmaceutique a acquis la biotech am\u00e9ricaine Provention Bio pour 2,9 milliards de dollars, en vue de se renforcer dans le diab\u00e8te et contre les maladies immunitaires. Jusqu&rsquo;\u00e0 pr\u00e9sent, Teizeild \u00e9tait d\u00e9j\u00e0 approuv\u00e9 aux Etats-Unis, au Royaume-Uni, en Chine, au Canada, en Isra\u00ebl, dans le Royaume d&rsquo;Arabie saoudite, aux \u00c9mirats arabes unis et au Kowe\u00eft.<\/p>\n","protected":false},"excerpt":{"rendered":"Le Teizeild, d\u00e9velopp\u00e9 par Sanofi, a \u00e9t\u00e9 re\u00e7u un feu vert similaire aux Etats-Unis, au Royaume-Uni, en Chine,&hellip;\n","protected":false},"author":2,"featured_media":658502,"comment_status":"","ping_status":"","sticky":false,"template":"","format":"standard","meta":{"footnotes":""},"categories":[2],"tags":[11,1011,27,12,25],"class_list":{"0":"post-658501","1":"post","2":"type-post","3":"status-publish","4":"format-standard","5":"has-post-thumbnail","7":"category-actualites","8":"tag-actualites","9":"tag-fr","10":"tag-france","11":"tag-news","12":"tag-republique-francaise"},"share_on_mastodon":{"url":"https:\/\/pubeurope.com\/@fr\/115882599703450072","error":""},"_links":{"self":[{"href":"https:\/\/www.europesays.com\/fr\/wp-json\/wp\/v2\/posts\/658501","targetHints":{"allow":["GET"]}}],"collection":[{"href":"https:\/\/www.europesays.com\/fr\/wp-json\/wp\/v2\/posts"}],"about":[{"href":"https:\/\/www.europesays.com\/fr\/wp-json\/wp\/v2\/types\/post"}],"author":[{"embeddable":true,"href":"https:\/\/www.europesays.com\/fr\/wp-json\/wp\/v2\/users\/2"}],"replies":[{"embeddable":true,"href":"https:\/\/www.europesays.com\/fr\/wp-json\/wp\/v2\/comments?post=658501"}],"version-history":[{"count":0,"href":"https:\/\/www.europesays.com\/fr\/wp-json\/wp\/v2\/posts\/658501\/revisions"}],"wp:featuredmedia":[{"embeddable":true,"href":"https:\/\/www.europesays.com\/fr\/wp-json\/wp\/v2\/media\/658502"}],"wp:attachment":[{"href":"https:\/\/www.europesays.com\/fr\/wp-json\/wp\/v2\/media?parent=658501"}],"wp:term":[{"taxonomy":"category","embeddable":true,"href":"https:\/\/www.europesays.com\/fr\/wp-json\/wp\/v2\/categories?post=658501"},{"taxonomy":"post_tag","embeddable":true,"href":"https:\/\/www.europesays.com\/fr\/wp-json\/wp\/v2\/tags?post=658501"}],"curies":[{"name":"wp","href":"https:\/\/api.w.org\/{rel}","templated":true}]}}