{"id":658512,"date":"2026-01-12T14:38:13","date_gmt":"2026-01-12T14:38:13","guid":{"rendered":"https:\/\/www.europesays.com\/fr\/658512\/"},"modified":"2026-01-12T14:38:13","modified_gmt":"2026-01-12T14:38:13","slug":"on-etait-plus-heureux-ensemble-que-separement-de-nouveau-avec-roger-delphine-wespiser-se-confie-sur-sa-relation","status":"publish","type":"post","link":"https:\/\/www.europesays.com\/fr\/658512\/","title":{"rendered":"\u00ab\u00a0On \u00e9tait plus heureux ensemble que s\u00e9par\u00e9ment\u00a0\u00bb : De nouveau avec Roger, Delphine Wespiser se confie sur sa relation !"},"content":{"rendered":"<p>Delphine Wespiser s&rsquo;est confi\u00e9e sur son histoire d&rsquo;amour avec Roger Erhart dans T\u00e9l\u00e9 Star. Elle explique pourquoi ils s&rsquo;affichent de nouveau complices.<\/p>\n<p>L&rsquo;amour \u00e0 toute \u00e9preuve. Delphine Wespiser reprend du service sur W9 pour animer <a href=\"https:\/\/www.programme-tv.net\/news\/tele-realite\/394952-l-ile-de-la-tentation-2026-decouvrez-quand-sera-diffusee-la-prochaine-saison-sur-w9\/\" data-api-deeplink=\"teleloisirs:\/\/news\/394952\" target=\"_blank\" rel=\"noopener\">une toute nouvelle saison de L&rsquo;\u00eele de la tentation<\/a>. Cinq couples vont tenter de r\u00e9sister \u00e0 dix tentateurs et dix tentatrices. Et cette ann\u00e9e, les candidats auront acc\u00e8s \u00e0 un \u00e9cran live, une innovation qui permettra \u00e0 une personne de d\u00e9couvrir ce que fait son conjoint en direct, une innovation promettant des surprises. L&rsquo;ancienne Miss France s&rsquo;est confi\u00e9e sur cette prochaine saison qui d\u00e9butera le 20\u00a0janvier prochain dans les colonnes de T\u00e9l\u00e9 Star. Mais elle a \u00e9galement fait quelques confidences sur sa propre vie sentimentale.<\/p>\n<p>Pendant huit ans, Delphine Wespiser a \u00e9t\u00e9 en couple avec Roger Erhart, 26 ans son a\u00een\u00e9. Cependant, <a href=\"https:\/\/www.programme-tv.net\/news\/people\/366779-ca-lui-a-fait-beaucoup-de-mal-en-larmes-delphine-wespiser-revele-les-raisons-de-sa-separation-avec-roger\/\" data-api-deeplink=\"teleloisirs:\/\/news\/366779\" target=\"_blank\" rel=\"noopener\">en 2022, elle annon\u00e7ait leur s\u00e9paration<\/a>. \u00ab\u00a0Ensemble, nous avons v\u00e9cu, voyag\u00e9, r\u00eav\u00e9, construit. Nous nous sommes aim\u00e9s, nous avons partag\u00e9 et nous avons travers\u00e9 les montagnes, ensemble, toujours ensemble\u00a0\u00bb, d\u00e9clarait-elle. Malgr\u00e9 cette rupture, les deux ex sont rest\u00e9s tr\u00e8s proches. \u00c0 l&rsquo;\u00e9t\u00e9 2025, <a href=\"https:\/\/www.programme-tv.net\/news\/people\/392527-pendant-le-pire-et-pour-le-meilleur-delphine-wespiser-adresse-un-message-fort-a-son-ex-roger-atteint-d-une-grave-maladie\/\" data-api-deeplink=\"teleloisirs:\/\/news\/392527\" target=\"_blank\" rel=\"noopener\">Roger a eu des soucis de sant\u00e9<\/a> et l&rsquo;animatrice n&rsquo;a pas h\u00e9sit\u00e9 une seconde \u00e0 le retrouver pour le soutenir. <a href=\"https:\/\/www.programme-tv.net\/news\/people\/393723-l-absence-et-la-maladie-se-sont-immiscees-roger-fait-une-declaration-a-son-ex-delphine-wespiser-l-occasion-d-une-date-symbolique\/\" data-api-deeplink=\"teleloisirs:\/\/news\/393723\" target=\"_blank\" rel=\"noopener\">Ce dernier l&rsquo;a d&rsquo;ailleurs remerci\u00e9 sur les r\u00e9seaux sociaux<\/a>. \u00ab\u00a0Merci pour ta force et ton courage quand je tardais \u00e0 me r\u00e9veiller&#8230; Merci de m\u2019avoir surveill\u00e9 nuit et jour pour que je puisse rester sur le chemin de la convalescence et ne pas m\u2019\u00e9garer dans mes craintes de manquer de force\u00a0! 10 ans de vie commune, comme un souffle, comme un r\u00eave turbulent\u00a0! Merci\u00a0\u00bb, avait-il d\u00e9clar\u00e9.<\/p>\n<p>                        \u00ab\u00a0Il y a parfois des retournements de situation\u00a0\u00bb\u00a0: Delphine Wespiser \u00e9voque sa relation avec Roger<\/p>\n<p>Delphine Wespiser a fait des r\u00e9v\u00e9lations et a affirm\u00e9 que ses amours connaissaient un second souffle. \u00ab\u00a0\u00c7a fait du bien d&rsquo;\u00eatre avec quelqu&rsquo;un qui vous \u00e9panouit et inversement. Il y a parfois des retournements de situation\u00a0\u00bb, a-t-elle indiqu\u00e9. L&rsquo;animatrice a \u00e9voqu\u00e9 ses rapports avec Roger. \u00ab\u00a0Quand une histoire s&rsquo;interrompt, \u00e7a ne veut pas dire qu&rsquo;elle est termin\u00e9e. Avec Roger, on a r\u00e9alis\u00e9 qu&rsquo;on \u00e9tait plus heureux ensemble que s\u00e9par\u00e9ment\u00a0\u00bb, a-t-elle avou\u00e9. Tout va donc pour le mieux.<\/p>\n","protected":false},"excerpt":{"rendered":"Delphine Wespiser s&rsquo;est confi\u00e9e sur son histoire d&rsquo;amour avec Roger Erhart dans T\u00e9l\u00e9 Star. Elle explique pourquoi ils&hellip;\n","protected":false},"author":2,"featured_media":658513,"comment_status":"","ping_status":"","sticky":false,"template":"","format":"standard","meta":{"footnotes":""},"categories":[1359],"tags":[244,1193,33841,58,59,1011,27,973],"class_list":{"0":"post-658512","1":"post","2":"type-post","3":"status-publish","4":"format-standard","5":"has-post-thumbnail","7":"category-people","8":"tag-commentaire","9":"tag-couple","10":"tag-delphine-wespiser","11":"tag-divertissement","12":"tag-entertainment","13":"tag-fr","14":"tag-france","15":"tag-people"},"share_on_mastodon":{"url":"https:\/\/pubeurope.com\/@fr\/115882642863656388","error":""},"_links":{"self":[{"href":"https:\/\/www.europesays.com\/fr\/wp-json\/wp\/v2\/posts\/658512","targetHints":{"allow":["GET"]}}],"collection":[{"href":"https:\/\/www.europesays.com\/fr\/wp-json\/wp\/v2\/posts"}],"about":[{"href":"https:\/\/www.europesays.com\/fr\/wp-json\/wp\/v2\/types\/post"}],"author":[{"embeddable":true,"href":"https:\/\/www.europesays.com\/fr\/wp-json\/wp\/v2\/users\/2"}],"replies":[{"embeddable":true,"href":"https:\/\/www.europesays.com\/fr\/wp-json\/wp\/v2\/comments?post=658512"}],"version-history":[{"count":0,"href":"https:\/\/www.europesays.com\/fr\/wp-json\/wp\/v2\/posts\/658512\/revisions"}],"wp:featuredmedia":[{"embeddable":true,"href":"https:\/\/www.europesays.com\/fr\/wp-json\/wp\/v2\/media\/658513"}],"wp:attachment":[{"href":"https:\/\/www.europesays.com\/fr\/wp-json\/wp\/v2\/media?parent=658512"}],"wp:term":[{"taxonomy":"category","embeddable":true,"href":"https:\/\/www.europesays.com\/fr\/wp-json\/wp\/v2\/categories?post=658512"},{"taxonomy":"post_tag","embeddable":true,"href":"https:\/\/www.europesays.com\/fr\/wp-json\/wp\/v2\/tags?post=658512"}],"curies":[{"name":"wp","href":"https:\/\/api.w.org\/{rel}","templated":true}]}}