{"id":658518,"date":"2026-01-12T14:42:11","date_gmt":"2026-01-12T14:42:11","guid":{"rendered":"https:\/\/www.europesays.com\/fr\/658518\/"},"modified":"2026-01-12T14:42:11","modified_gmt":"2026-01-12T14:42:11","slug":"chantal-goya-au-bras-dune-celebre-reine-de-beaute-ce-rendez-vous-inattendu-du-haut-de-ses-83-ans","status":"publish","type":"post","link":"https:\/\/www.europesays.com\/fr\/658518\/","title":{"rendered":"Chantal Goya au bras d&rsquo;une c\u00e9l\u00e8bre reine de beaut\u00e9, ce rendez-vous inattendu du haut de ses 83 ans"},"content":{"rendered":"<p>\u00c0 83 ans, <strong>Chantal Goya<\/strong> continue d\u2019\u00e9blouir son<br \/>\npublic avec un enthousiasme intact. Entre ses tubes incontournables<br \/>\ncomme B\u00e9cassine ou Un lapin et sa pr\u00e9sence<br \/>\nsc\u00e9nique pleine de pep\u2019s, elle capte chaque regard et chaque<br \/>\nsourire. Et pourtant, la retraite ? \u00ab Je ne connais que la<br \/>\nretraite aux flambeaux ! \u00bb plaisante souvent <strong>la reine<br \/>\ndes comptines<\/strong>, rappelant qu\u2019elle n\u2019a aucune intention de<br \/>\nlever le pied, bien au contraire. De plus, ses jeunes danseuses<br \/>\nrestent fascin\u00e9es par son \u00e9nergie : \u00ab J\u2019ai l\u2019\u00e2ge de leur<br \/>\ngrand-m\u00e8re et elles me demandent comment je fais \u00bb. Et<br \/>\njustement, c\u2019est cette vitalit\u00e9 qui nourrit ses projets et id\u00e9es,<br \/>\nla poussant \u00e0 continuer d\u2019illuminer les sc\u00e8nes.<\/p>\n<p>Chantal Goya, l\u2019incontournable reine des enfants<\/p>\n<p>N\u00e9e <strong>Chantal de Guerre<\/strong> \u00e0 Sa\u00efgon, Chantal Goya se<br \/>\ndestinait d\u2019abord au journalisme. Mais sa rencontre avec<br \/>\n<strong>Jean-Jacques Debout<\/strong>, auteur-compositeur et<br \/>\n<a href=\"https:\/\/www.melty.fr\/people\/chantal-goya-laeticia-hallyday-ne-ma-pas-invite-evince-des-obseques-de-johnny-son-mari-balance-sur-la-femme-du-taulier-2288073.html\" target=\"_blank\" rel=\"noopener\"><br \/>\nami tr\u00e8s proche de Johnny Hallyday<\/a>, change compl\u00e8tement sa<br \/>\ntrajectoire. Tr\u00e8s vite, elle s\u00e9duit le c\u0153ur des enfants et devient<br \/>\nune v\u00e9ritable idole pour les plus jeunes, gr\u00e2ce \u00e0 des chansons qui<br \/>\nplaisent aussi aux parents et traversent les g\u00e9n\u00e9rations avec la<br \/>\nm\u00eame magie.<\/p>\n<p>En parall\u00e8le, elle pr\u00eate sa voix \u00e0 de nombreux g\u00e9n\u00e9riques de<br \/>\ndessins anim\u00e9s tr\u00e8s populaires comme Les Malheurs de<br \/>\nSophie, Bouba, le petit ourson ou Pandi<br \/>\nPanda, dont le costume a disparu l\u00a0\u00bban dernier. Pourtant, son<br \/>\ntube phare reste sans conteste B\u00e9cassine, accompagn\u00e9 du<br \/>\nfameux gimmick : \u00ab B\u00e9cassine, c\u2019est ma cousine \u00bb. M\u00eame si<br \/>\nface \u00e0 des artistes comme <strong>JUL<\/strong>, ce classique a un<br \/>\npeu perdu de sa notori\u00e9t\u00e9 aupr\u00e8s des plus jeunes, il continue de<br \/>\nrester grav\u00e9 dans la m\u00e9moire collective et d\u2019\u00e9voquer une douce<br \/>\nnostalgie pour plusieurs g\u00e9n\u00e9rations.<\/p>\n<p>50 ans de sc\u00e8ne, \u00e7a se f\u00eate !<\/p>\n<p>Chantal Goya continue d\u2019enchanter la France et le monde entier<br \/>\navec ses spectacles. Apr\u00e8s un passage enchant\u00e9 \u00e0 Lyon le 14<br \/>\nd\u00e9cembre dernier, la c\u00e9l\u00e8bre octog\u00e9naire retrouvera son public<br \/>\n<strong>le samedi 24 janvier \u00e0 15h au Z\u00e9nith d\u2019Orl\u00e9ans<\/strong>.<br \/>\nCet \u00e9v\u00e9nement c\u00e9l\u00e8bre <strong>ses 50 ans de carri\u00e8re, 50 ans de<br \/>\nf\u00e9erie<\/strong>, de r\u00eaves et de chansons autour de l\u2019univers<br \/>\nmagique de Marie-Rose. Le spectacle promet d\u2019\u00eatre in\u00e9dit,<br \/>\nexceptionnel et unique, une v\u00e9ritable plong\u00e9e dans l\u2019imaginaire<br \/>\npour petits et grands.<\/p>\n<p>Les spectateurs pourront revivre les plus beaux tableaux de ses<br \/>\ngrands spectacles, o\u00f9 chaque ami et personnage prend vie sous leurs<br \/>\nyeux. Accompagn\u00e9e des m\u00e9lodies po\u00e9tiques et douces de Jean-Jacques<br \/>\nDebout, Chantal Goya invite chacun \u00e0 <strong>retrouver son \u00e2me<br \/>\nd\u2019enfant<\/strong> et \u00e0 partager un moment \u00ab en famille \u00bb.<br \/>\nSa pr\u00e9sence sur sc\u00e8ne reste un cadeau pour tous et votre venue<br \/>\nsera, selon <a href=\"https:\/\/www.melty.fr\/people\/chantal-goya-sans-detour-sur-sa-rivale-dorothee-on-ne-saimait-pas-2230882.html\" target=\"_blank\" rel=\"noopener\"><br \/>\nla \u00ab\u00a0rivale\u00a0\u00bb de Doroth\u00e9e<\/a>, le plus pr\u00e9cieux hommage \u00e0 ces 50 ans<br \/>\nde bonheur sur les planches.<\/p>\n<p>Chantal Goya en bonne compagnie lors<br \/>\nd&rsquo;un \u00e9v\u00e8nement charitable<\/p>\n<p>\u00c0 l\u2019occasion de <strong>l\u2019op\u00e9ration Pi\u00e8ces Jaunes<\/strong>, le<br \/>\n<strong>Cirque d\u2019Hiver Bouglione<\/strong> a accueilli une<br \/>\nparenth\u00e8se enchant\u00e9e plac\u00e9e sous le signe du partage. Enfants<br \/>\nsuivis m\u00e9dicalement, familles et soignants venus d\u2019\u00cele-de-France<br \/>\nont pris place dans ce lieu mythique pour vivre un spectacle pens\u00e9<br \/>\nsp\u00e9cialement pour eux. L\u2019ambiance chaleureuse et festive a<br \/>\ntransform\u00e9 la piste en un v\u00e9ritable espace d\u2019\u00e9vasion, loin du<br \/>\nquotidien hospitalier, gr\u00e2ce \u00e0 une initiative port\u00e9e par la<br \/>\n<strong>Maison St\u00e9phane Rolland<\/strong>.<\/p>\n<p>Puis l\u2019\u00e9motion est mont\u00e9e d\u2019un cran avec l\u2019arriv\u00e9e d\u2019invit\u00e9s<br \/>\ntr\u00e8s attendus. Chantal Goya a offert un final plein de nostalgie en<br \/>\nreprenant ses chansons cultes, d\u00e9clenchant de longs<br \/>\napplaudissements. \u00c0 ses c\u00f4t\u00e9s, <strong>Hinaupoko Dev\u00e8ze<\/strong>,<br \/>\nMiss France 2026, a partag\u00e9 des instants de complicit\u00e9 avec les<br \/>\nenfants, notamment lors de la remise symbolique de tirelires d\u00e9j\u00e0<br \/>\nbien remplies. Bras dessus bras dessous, les deux femmes ont<br \/>\nincarn\u00e9 une sc\u00e8ne touchante et lumineuse, m\u00ealant tendresse,<br \/>\ng\u00e9n\u00e9rosit\u00e9 et joie simple, dans un moment suspendu qui a fait<br \/>\nfondre petits et grands.<\/p>\n","protected":false},"excerpt":{"rendered":"\u00c0 83 ans, Chantal Goya continue d\u2019\u00e9blouir son public avec un enthousiasme intact. Entre ses tubes incontournables comme&hellip;\n","protected":false},"author":2,"featured_media":658519,"comment_status":"","ping_status":"","sticky":false,"template":"","format":"standard","meta":{"footnotes":""},"categories":[1355],"tags":[1102,21303,58,59,1011,27,1361,873,65861],"class_list":{"0":"post-658518","1":"post","2":"type-post","3":"status-publish","4":"format-standard","5":"has-post-thumbnail","7":"category-musique","8":"tag-breakingnews","9":"tag-buzz_nonli","10":"tag-divertissement","11":"tag-entertainment","12":"tag-fr","13":"tag-france","14":"tag-music","15":"tag-musique","16":"tag-trend"},"share_on_mastodon":{"url":"https:\/\/pubeurope.com\/@fr\/115882658738358850","error":""},"_links":{"self":[{"href":"https:\/\/www.europesays.com\/fr\/wp-json\/wp\/v2\/posts\/658518","targetHints":{"allow":["GET"]}}],"collection":[{"href":"https:\/\/www.europesays.com\/fr\/wp-json\/wp\/v2\/posts"}],"about":[{"href":"https:\/\/www.europesays.com\/fr\/wp-json\/wp\/v2\/types\/post"}],"author":[{"embeddable":true,"href":"https:\/\/www.europesays.com\/fr\/wp-json\/wp\/v2\/users\/2"}],"replies":[{"embeddable":true,"href":"https:\/\/www.europesays.com\/fr\/wp-json\/wp\/v2\/comments?post=658518"}],"version-history":[{"count":0,"href":"https:\/\/www.europesays.com\/fr\/wp-json\/wp\/v2\/posts\/658518\/revisions"}],"wp:featuredmedia":[{"embeddable":true,"href":"https:\/\/www.europesays.com\/fr\/wp-json\/wp\/v2\/media\/658519"}],"wp:attachment":[{"href":"https:\/\/www.europesays.com\/fr\/wp-json\/wp\/v2\/media?parent=658518"}],"wp:term":[{"taxonomy":"category","embeddable":true,"href":"https:\/\/www.europesays.com\/fr\/wp-json\/wp\/v2\/categories?post=658518"},{"taxonomy":"post_tag","embeddable":true,"href":"https:\/\/www.europesays.com\/fr\/wp-json\/wp\/v2\/tags?post=658518"}],"curies":[{"name":"wp","href":"https:\/\/api.w.org\/{rel}","templated":true}]}}