{"id":658530,"date":"2026-01-12T14:48:16","date_gmt":"2026-01-12T14:48:16","guid":{"rendered":"https:\/\/www.europesays.com\/fr\/658530\/"},"modified":"2026-01-12T14:48:16","modified_gmt":"2026-01-12T14:48:16","slug":"weo-risque-de-disparaitre-dans-quelques-jours-12-01-2026","status":"publish","type":"post","link":"https:\/\/www.europesays.com\/fr\/658530\/","title":{"rendered":"W\u00e9o risque de dispara\u00eetre dans quelques jours &#8211; 12\/01\/2026"},"content":{"rendered":"<p><strong>Nous ne voulons pas d\u2019\u00e9cran noir pour W\u00e9o ! <\/strong>Depuis un an, le mod\u00e8le \u00e9conomique de la cha\u00eene est en danger suite au d\u00e9sengagement financier du Conseil r\u00e9gional des Hauts-de-France et la baisse des revenus publicitaires. Or le mod\u00e8le \u00e9conomique de la cha\u00eene avait \u00e9t\u00e9 b\u00e2ti sur un mod\u00e8le public\/priv\u00e9, \u00e0 savoir 50% financ\u00e9s par le Conseil r\u00e9gional et 50% par la publicit\u00e9.Face \u00e0 cette situation, la direction a mis en place une rupture conventionnelle collective (RCC) en juillet 2025. Puis le Conseil d\u2019Administration de la soci\u00e9t\u00e9 a refus\u00e9 de la financer en ao\u00fbt 2025.<\/p>\n<p>En septembre 2025, le Conseil d\u2019Administration a fait une demande de proc\u00e9dure de sauvegarde au Tribunal de Commerce de Lille M\u00e9tropole afin de trouver de nouveaux investisseurs et de refonder l&rsquo;exploitation du m\u00e9dia de proximit\u00e9.<\/p>\n<p>Plusieurs contacts ont \u00e9t\u00e9 pris avec des investisseurs. Un repreneur s\u2019est fait conna\u00eetre fin novembre, puis il a retir\u00e9 son offre le 8 janvier 2026, estimant qu&rsquo;il y avait trop d\u2019incertitudes dans cette reprise.La situation \u00e0 ce jourUne audience au Tribunal de Commerce de Lille M\u00e9tropole est programm\u00e9e le 21 janvier 2026. Celle-ci pourrait statuer sur une liquidation judiciaire de la soci\u00e9t\u00e9 et entra\u00eener un \u00e9cran noir pour votre cha\u00eene r\u00e9gionale.Nous ne voulons pas que W\u00e9o disparaisse car le m\u00e9dia est populaire et appr\u00e9ci\u00e9 par plus d\u2019un million de t\u00e9l\u00e9spectateurs. W\u00e9o est utile au territoire. Chaque jour, il informe, il divertit et il anime la r\u00e9gion. Nous pensons qu&rsquo;il est encore possible de sauver la cha\u00eene et ses 14 salari\u00e9s.Merci pour votre soutien,<\/p>\n<p>Les salari\u00e9s et la direction.<\/p>\n<p>La presse en parle<\/p>\n","protected":false},"excerpt":{"rendered":"Nous ne voulons pas d\u2019\u00e9cran noir pour W\u00e9o ! Depuis un an, le mod\u00e8le \u00e9conomique de la cha\u00eene&hellip;\n","protected":false},"author":2,"featured_media":658531,"comment_status":"","ping_status":"","sticky":false,"template":"","format":"standard","meta":{"footnotes":""},"categories":[6],"tags":[35,33,34,1011,27],"class_list":{"0":"post-658530","1":"post","2":"type-post","3":"status-publish","4":"format-standard","5":"has-post-thumbnail","7":"category-economie","8":"tag-business","9":"tag-economie","10":"tag-economy","11":"tag-fr","12":"tag-france"},"share_on_mastodon":{"url":"https:\/\/pubeurope.com\/@fr\/115882682246087181","error":""},"_links":{"self":[{"href":"https:\/\/www.europesays.com\/fr\/wp-json\/wp\/v2\/posts\/658530","targetHints":{"allow":["GET"]}}],"collection":[{"href":"https:\/\/www.europesays.com\/fr\/wp-json\/wp\/v2\/posts"}],"about":[{"href":"https:\/\/www.europesays.com\/fr\/wp-json\/wp\/v2\/types\/post"}],"author":[{"embeddable":true,"href":"https:\/\/www.europesays.com\/fr\/wp-json\/wp\/v2\/users\/2"}],"replies":[{"embeddable":true,"href":"https:\/\/www.europesays.com\/fr\/wp-json\/wp\/v2\/comments?post=658530"}],"version-history":[{"count":0,"href":"https:\/\/www.europesays.com\/fr\/wp-json\/wp\/v2\/posts\/658530\/revisions"}],"wp:featuredmedia":[{"embeddable":true,"href":"https:\/\/www.europesays.com\/fr\/wp-json\/wp\/v2\/media\/658531"}],"wp:attachment":[{"href":"https:\/\/www.europesays.com\/fr\/wp-json\/wp\/v2\/media?parent=658530"}],"wp:term":[{"taxonomy":"category","embeddable":true,"href":"https:\/\/www.europesays.com\/fr\/wp-json\/wp\/v2\/categories?post=658530"},{"taxonomy":"post_tag","embeddable":true,"href":"https:\/\/www.europesays.com\/fr\/wp-json\/wp\/v2\/tags?post=658530"}],"curies":[{"name":"wp","href":"https:\/\/api.w.org\/{rel}","templated":true}]}}