{"id":658540,"date":"2026-01-12T14:54:23","date_gmt":"2026-01-12T14:54:23","guid":{"rendered":"https:\/\/www.europesays.com\/fr\/658540\/"},"modified":"2026-01-12T14:54:23","modified_gmt":"2026-01-12T14:54:23","slug":"conference-a-vandoeuvre-les-nancy-6","status":"publish","type":"post","link":"https:\/\/www.europesays.com\/fr\/658540\/","title":{"rendered":"Conference a Vandoeuvre les Nancy"},"content":{"rendered":"<p>\t\t\t\t\t\t\t\t\t<a href=\"https:\/\/www.estrepublicain.fr\/pour-sortir\/loisirs\/Rencontre-conference\/Conferences\/Lorraine\/Meurthe-et-moselle\/Vandoeuvre-les-nancy\/2026\/01\/21\/javascript:history.back();\" rel=\"nofollow noopener\" class=\"backToSearch\" target=\"_blank\">Retour \u00e0 la recherche<\/a><\/p>\n<p class=\"media-desc\" itemprop=\"description\">&#13;<br \/>\n\t\t\t\t\tInvit\u00e9e par l\u2019association culturelle du ch\u00e2teau du Charmois, Dorota Szymanska, artiste plasticienne et art-th\u00e9rapeute, montrera comment l\u2019acte cr\u00e9atif mobilise les sensations, le corps et le psych\u00e9 pour accompagner la personne en souffrance vers plus de bien-\u00eatre.&#13;<br \/>\n\t\t\t\t\t\t\t\t\t\t\t&#13;<br \/>\n\t\t\t\t\t\t\t\t\t\tL\u2019art-th\u00e9rapie travaille sur la qualit\u00e9 de vie de la personne : bien-\u00eatre, plaisir, expression, communication, relation, lien social, valorisation&#8230; pour lui apporter un mieux -\u00eatre. L\u2019objectif de l\u2019art- th\u00e9rapie est d\u2019orienter le patient vers un mieux-\u00eatre par le biais d\u2019activit\u00e9s artistiques et de plaisirs esth\u00e9tiques. En effet, la cr\u00e9ation artistique r\u00e9unit qualit\u00e9 esth\u00e9tique et beaut\u00e9. Beau, c\u2019est le plaisir de la perception, c\u2019est la pl\u00e9nitude. Pour le neurologue l\u2019Art agit sur le cerveau et lui fait du bien. Il y a donc un r\u00e9el impact de la beaut\u00e9 sur la sant\u00e9. La m\u00e9decine est capable d\u2019\u00e9valuer le plaisir \u00e9prouv\u00e9 par un individu \u00e0 partir de mod\u00e8le du cerveau. Il semble donc pertinent que les disciplines artistiques et m\u00e9dicales s\u2019unissent pour proposer un programme de soin incluant la cr\u00e9ation artistique.<br \/>\nLe public et la conf\u00e9renci\u00e8re \u00e9changeront leurs questions et remarques.<br \/>\n&#13;\n\t\t\t\t  <\/p>\n","protected":false},"excerpt":{"rendered":"Retour \u00e0 la recherche &#13; Invit\u00e9e par l\u2019association culturelle du ch\u00e2teau du Charmois, Dorota Szymanska, artiste plasticienne et&hellip;\n","protected":false},"author":2,"featured_media":658541,"comment_status":"","ping_status":"","sticky":false,"template":"","format":"standard","meta":{"footnotes":""},"categories":[9635],"tags":[1111,11,1777,674,1011,27,775,1702,12,25],"class_list":{"0":"post-658540","1":"post","2":"type-post","3":"status-publish","4":"format-standard","5":"has-post-thumbnail","7":"category-nancy","8":"tag-actu","9":"tag-actualites","10":"tag-eu","11":"tag-europe","12":"tag-fr","13":"tag-france","14":"tag-grand-est","15":"tag-nancy","16":"tag-news","17":"tag-republique-francaise"},"share_on_mastodon":{"url":"https:\/\/pubeurope.com\/@fr\/115882705935806740","error":""},"_links":{"self":[{"href":"https:\/\/www.europesays.com\/fr\/wp-json\/wp\/v2\/posts\/658540","targetHints":{"allow":["GET"]}}],"collection":[{"href":"https:\/\/www.europesays.com\/fr\/wp-json\/wp\/v2\/posts"}],"about":[{"href":"https:\/\/www.europesays.com\/fr\/wp-json\/wp\/v2\/types\/post"}],"author":[{"embeddable":true,"href":"https:\/\/www.europesays.com\/fr\/wp-json\/wp\/v2\/users\/2"}],"replies":[{"embeddable":true,"href":"https:\/\/www.europesays.com\/fr\/wp-json\/wp\/v2\/comments?post=658540"}],"version-history":[{"count":0,"href":"https:\/\/www.europesays.com\/fr\/wp-json\/wp\/v2\/posts\/658540\/revisions"}],"wp:featuredmedia":[{"embeddable":true,"href":"https:\/\/www.europesays.com\/fr\/wp-json\/wp\/v2\/media\/658541"}],"wp:attachment":[{"href":"https:\/\/www.europesays.com\/fr\/wp-json\/wp\/v2\/media?parent=658540"}],"wp:term":[{"taxonomy":"category","embeddable":true,"href":"https:\/\/www.europesays.com\/fr\/wp-json\/wp\/v2\/categories?post=658540"},{"taxonomy":"post_tag","embeddable":true,"href":"https:\/\/www.europesays.com\/fr\/wp-json\/wp\/v2\/tags?post=658540"}],"curies":[{"name":"wp","href":"https:\/\/api.w.org\/{rel}","templated":true}]}}