{"id":658546,"date":"2026-01-12T14:57:12","date_gmt":"2026-01-12T14:57:12","guid":{"rendered":"https:\/\/www.europesays.com\/fr\/658546\/"},"modified":"2026-01-12T14:57:12","modified_gmt":"2026-01-12T14:57:12","slug":"dette-et-penalite-les-dessous-de-la-crise-du-toulon-metropole-var-handball","status":"publish","type":"post","link":"https:\/\/www.europesays.com\/fr\/658546\/","title":{"rendered":"Dette et p\u00e9nalit\u00e9: les dessous de la crise du Toulon M\u00e9tropole Var Handball"},"content":{"rendered":"<p>\u00ab Nous sommes aujourd\u2019hui dans une situation tr\u00e8s compliqu\u00e9e. \u00bb C\u2019est le triste constat pos\u00e9 par <a href=\"https:\/\/www.linkedin.com\/in\/vincent-millereux-56b2b51aa\/?originalSubdomain=fr\" rel=\"noopener\" target=\"_blank\">Vincent Millereux<\/a>, directeur ex\u00e9cutif du <a href=\"https:\/\/www.linkedin.com\/company\/toulon-metropole-var-handball\/\" rel=\"noopener\" target=\"_blank\">Toulon M\u00e9tropole Var Handball<\/a>. Un club qu\u2019il avait laiss\u00e9, selon ses mots, \u00ab sain \u00bb en juin 2023, avec des<strong> comptes \u00e0 l\u2019\u00e9quilibre et une tr\u00e9sorerie positive<\/strong>. Deux ans plus tard, le paysage a radicalement chang\u00e9. <\/p>\n<p>Au 30 juin, le <strong>d\u00e9ficit d\u2019exploitation<\/strong> avoisine les 300 000 \u20ac. Quatre mois plus tard, au 31 octobre, le passif atteint pr\u00e8s de 400 000 \u20ac. Une <strong>d\u00e9rive financi\u00e8re<\/strong> qui a conduit la<strong> Commission nationale de contr\u00f4le et de gestion (CNCG) <\/strong>\u00e0 frapper le club d\u2019une p\u00e9nalit\u00e9 de cinq points. Une sanction attendue. <\/p>\n<blockquote>\n<p>\u00ab On savait que la CNCG devait appliquer le r\u00e8glement. On craignait m\u00eame quelque chose de plus lourd \u00bb, reconna\u00eet Perrine Paul, aujourd&rsquo;hui pr\u00e9sidente du club, apr\u00e8s avoir \u00e9t\u00e9 \u00e0 la t\u00eate de la SASP (Soci\u00e9t\u00e9 anonyme sportive professionnelle) jusqu&rsquo;en juin 2023. <\/p>\n<\/blockquote>\n<p>  La crise du Toulon M\u00e9tropole Var Handball r\u00e9v\u00e9l\u00e9e dans l\u2019urgence <\/p>\n<p>Le basculement intervient le 14 octobre dernier, lorsque l\u2019ancien pr\u00e9sident, <a href=\"https:\/\/www.linkedin.com\/in\/thierry-durand-04666a127\/?originalSubdomain=fr\" rel=\"noopener\" target=\"_blank\">Thierry Durand<\/a>, annonce sa <strong>d\u00e9mission<\/strong> \u00e0 l\u2019actionnaire et \u00e0 l\u2019association. Dans le m\u00eame message, il indique ne plus \u00eatre en mesure de payer les salaires du mois d\u2019octobre. \u00ab \u00c7a a \u00e9t\u00e9 extr\u00eamement brutal \u00bb, retrace Vincent Millereux, revenu \u00e0 la t\u00eate du club en novembre 2025. <\/p>\n<p>Deux jours plus tard, une r\u00e9union avec l\u2019<strong>expert-comptable<\/strong> met au jour une situation assimilable \u00e0 une <strong>banqueroute<\/strong>.<\/p>\n<blockquote>\n<p>\u00ab Le club n\u2019\u00e9tait plus capable de faire face \u00e0 ses engagements. Il fallait se pr\u00e9parer, potentiellement, \u00e0 un d\u00e9p\u00f4t de bilan. \u00bb <\/p>\n<\/blockquote>\n<p>Pour Perrine Paul, l\u2019ampleur de la crise n\u2019avait pas \u00e9t\u00e9 per\u00e7ue plus t\u00f4t. \u00ab On savait que c\u2019\u00e9tait compliqu\u00e9, mais pas \u00e0 ce point-l\u00e0. Depuis l\u2019automne 2024, il y avait des probl\u00e8mes de tr\u00e9sorerie, mais la tr\u00e9sorerie n\u2019est qu\u2019un sympt\u00f4me. \u00bb<\/p>\n<p> <img decoding=\"async\" alt=\"\" class=\"img-size-full\" data-zoomable=\"\" height=\"1125\" loading=\"lazy\" src=\"https:\/\/www.europesays.com\/fr\/wp-content\/uploads\/2026\/01\/palais-des-sports-toulon-handball.jpg\" width=\"2000\"\/> \u00a9 A. Assante &#8211; Le Palais des sports de Toulon peut recevoir jusqu&rsquo;\u00e0 4 985 personnes. \u00ab\u00a0Une gestion \u00e0 la d\u00e9rive\u00a0\u00bb selon Perine Paul et Vincent Millereux <\/p>\n<p>En reprenant les r\u00eanes, la nouvelle gouvernance d\u00e9couvre une organisation profond\u00e9ment d\u00e9sorganis\u00e9e. <strong>Factures impay\u00e9es, fournisseurs m\u00e9contents, documents comptables introuvables<\/strong>. \u00ab On a retrouv\u00e9 des saisies administratives datant de novembre 2024, non ouvertes, dans des tiroirs \u00bb, d\u00e9plore le directeur ex\u00e9cutif. <\/p>\n<p>Le rapport du commissaire aux comptes fait, en effet, \u00e9tat de plus de 50 000 \u20ac de<strong> charges sans justificatifs comptables<\/strong>. <\/p>\n<p>Autre \u00e9l\u00e9ment marquant : l\u2019<strong>application bancaire<\/strong> du club install\u00e9e sur le t\u00e9l\u00e9phone personnel d\u2019un salari\u00e9 administratif, avec les codes d\u2019acc\u00e8s\u00a0: \u00ab\u00a0C\u2019est magique\u00a0!\u00a0\u00bb, ironise-t-il.<\/p>\n<p>\u00c0 cela s\u2019ajoute une perte progressive des comp\u00e9tences cl\u00e9s. Responsable administratif et responsable commercial ont \u00e9t\u00e9 remerci\u00e9s. \u00ab Le club a perdu toute rigueur. Il y avait des gens tr\u00e8s passionn\u00e9s de handball, mais pas des gestionnaires. \u00bb<\/p>\n<p>Perrine Paul abonde : \u00ab Le r\u00f4le d\u2019un pr\u00e9sident, ce n\u2019est pas de tout faire, mais de bien s\u2019entourer. Or le club avait perdu les comp\u00e9tences n\u00e9cessaires au sport professionnel, notamment sur l\u2019administratif et le commercial. \u00bb <\/p>\n<p> Une situation qui pourrait avoir des suites judiciaires <\/p>\n<p>Face aux anomalies constat\u00e9es, une <strong>suite juridique<\/strong> est envisag\u00e9e. \u00ab Il y a un manque d\u2019honn\u00eatet\u00e9. On a d\u00e9couvert des \u00e9l\u00e9ments graves \u00bb, affirme Vincent Millereux. L\u2019association actionnaire et la soci\u00e9t\u00e9 sportive travaillent avec des<strong> avocats et un rendez-vous avec un avocat<\/strong> p\u00e9naliste est pr\u00e9vu. <\/p>\n<p>\u00ab On doit des explications aux collectivit\u00e9s, aux partenaires, \u00e0 tous ceux qui s\u2019engagent aujourd\u2019hui dans le plan de relance \u00bb, insiste-t-il. <\/p>\n<p>Le soutien des collectivit\u00e9s et un plan de relance <\/p>\n<p>Le salut du club est pass\u00e9 par une r\u00e9union d\u00e9cisive, le 5 novembre dernier, avec les<strong> \u00e9lus de la M\u00e9tropole Toulon Provence M\u00e9diterran\u00e9e, du D\u00e9partement du Var et de la Ville de Toulon<\/strong>. La nouvelle gouvernance y expose la situation sans d\u00e9tour. \u00ab Les collectivit\u00e9s connaissaient le travail que nous avions men\u00e9 entre 2019 et 2023 pour structurer le club. Cela a compt\u00e9 \u00bb, souligne le dirigeant. <\/p>\n<p>En parall\u00e8le, le dialogue est renou\u00e9 avec les partenaires priv\u00e9s, alors que le club en avait perdu plus de la moiti\u00e9 en deux ans. Un <strong>plan de sauvetage<\/strong> est finalement act\u00e9, reposant sur l\u2019appui des collectivit\u00e9s et l\u2019engagement de <strong>deux partenaires priv\u00e9s solides<\/strong>, qui communiqueront \u00ab\u00a0ult\u00e9rieurement\u00a0\u00bb.<\/p>\n<p>\u00ab Il n\u2019y avait que deux options : un plan de relance capable de couvrir le passif, ou la cessation de paiement \u00bb, r\u00e9sume la pr\u00e9sidente. <\/p>\n<p>\u00ab Remettre de la rigueur administrative \u00bb <\/p>\n<p>Sportivement, la situation reste tendue. Toujours onzi\u00e8me, le <a href=\"https:\/\/mesinfos.fr\/83000-toulon\/thierry-durand-remettre-toulon-sur-la-carte-du-handball-francais-183241.html\" rel=\"noopener\" target=\"_blank\">Toulon M\u00e9tropole Var Handball<\/a> se retrouve d\u00e9sormais \u00e0 <strong>\u00e9galit\u00e9 de points de la zone de rel\u00e9gation<\/strong>, dans une saison o\u00f9 l\u2019\u00e9lite du hand f\u00e9minin va passer de 14 \u00e0 12 clubs. <\/p>\n<p>La priorit\u00e9 est d\u00e9sormais claire : s\u00e9curiser la saison <strong>2025-2026<\/strong> et pr\u00e9parer <strong>2026-2027<\/strong>, sous une surveillance financi\u00e8re renforc\u00e9e. Le club a \u00e9t\u00e9 enti\u00e8rement restructur\u00e9, avec notamment le recrutement d\u2019un nouveau commercial. <\/p>\n<p>\u00ab Nous devons remettre de la rigueur, en commen\u00e7ant par l\u2019administratif \u00bb, insiste Perrine Paul. Malgr\u00e9 quatre d\u00e9faites cons\u00e9cutives, la nouvelle gouvernance veut croire \u00e0 un rebond. Vincent Millereux en est certain\u00a0: \u00ab Il y a de l\u2019\u00e9nergie, des sourires. Le meilleur reste \u00e0 venir \u00bb.<\/p>\n","protected":false},"excerpt":{"rendered":"\u00ab Nous sommes aujourd\u2019hui dans une situation tr\u00e8s compliqu\u00e9e. \u00bb C\u2019est le triste constat pos\u00e9 par Vincent Millereux,&hellip;\n","protected":false},"author":2,"featured_media":658547,"comment_status":"","ping_status":"","sticky":false,"template":"","format":"standard","meta":{"footnotes":""},"categories":[9619],"tags":[1111,11,76088,6327,76090,1777,674,1011,27,12,882,25,2310,76089],"class_list":{"0":"post-658546","1":"post","2":"type-post","3":"status-publish","4":"format-standard","5":"has-post-thumbnail","7":"category-toulon","8":"tag-actu","9":"tag-actualites","10":"tag-crise-u00e9conomique","11":"tag-dette","12":"tag-endettement","13":"tag-eu","14":"tag-europe","15":"tag-fr","16":"tag-france","17":"tag-news","18":"tag-provence-alpes-cote-dazur","19":"tag-republique-francaise","20":"tag-toulon","21":"tag-toulon-mu00e9tropole-var-handball"},"share_on_mastodon":{"url":"https:\/\/pubeurope.com\/@fr\/115882717691684473","error":""},"_links":{"self":[{"href":"https:\/\/www.europesays.com\/fr\/wp-json\/wp\/v2\/posts\/658546","targetHints":{"allow":["GET"]}}],"collection":[{"href":"https:\/\/www.europesays.com\/fr\/wp-json\/wp\/v2\/posts"}],"about":[{"href":"https:\/\/www.europesays.com\/fr\/wp-json\/wp\/v2\/types\/post"}],"author":[{"embeddable":true,"href":"https:\/\/www.europesays.com\/fr\/wp-json\/wp\/v2\/users\/2"}],"replies":[{"embeddable":true,"href":"https:\/\/www.europesays.com\/fr\/wp-json\/wp\/v2\/comments?post=658546"}],"version-history":[{"count":0,"href":"https:\/\/www.europesays.com\/fr\/wp-json\/wp\/v2\/posts\/658546\/revisions"}],"wp:featuredmedia":[{"embeddable":true,"href":"https:\/\/www.europesays.com\/fr\/wp-json\/wp\/v2\/media\/658547"}],"wp:attachment":[{"href":"https:\/\/www.europesays.com\/fr\/wp-json\/wp\/v2\/media?parent=658546"}],"wp:term":[{"taxonomy":"category","embeddable":true,"href":"https:\/\/www.europesays.com\/fr\/wp-json\/wp\/v2\/categories?post=658546"},{"taxonomy":"post_tag","embeddable":true,"href":"https:\/\/www.europesays.com\/fr\/wp-json\/wp\/v2\/tags?post=658546"}],"curies":[{"name":"wp","href":"https:\/\/api.w.org\/{rel}","templated":true}]}}