{"id":658556,"date":"2026-01-12T15:02:11","date_gmt":"2026-01-12T15:02:11","guid":{"rendered":"https:\/\/www.europesays.com\/fr\/658556\/"},"modified":"2026-01-12T15:02:11","modified_gmt":"2026-01-12T15:02:11","slug":"pas-invite-au-debat-culturel-a-grenoble-valentin-gabriac-rn-est-en-colere","status":"publish","type":"post","link":"https:\/\/www.europesays.com\/fr\/658556\/","title":{"rendered":"pas invit\u00e9 au d\u00e9bat culturel \u00e0 Grenoble, Valentin Gabriac (RN) est en col\u00e8re"},"content":{"rendered":"<p>Tempo, le r\u00e9seau des musiques actuelles de la m\u00e9tropole grenobloise, organise un d\u00e9bat sur la culture <a href=\"https:\/\/www.ledauphine.com\/elections\/2026\/01\/09\/grenoble-les-candidats-debattront-sur-la-culture-le-14-janvier-a-l-amperage\" target=\"_blank\" rel=\"noopener\">ce mercredi 14\u00a0janvier<\/a> \u00e0 l\u2019Amp\u00e9rage, avec les candidats <a href=\"https:\/\/www.ledauphine.com\/d\/elections-municipales-a-grenoble-qui-pour-diriger-la-capitale-des-alpes-b680a716-7cd1-44d5-beea-9e6d1132b539\" target=\"_blank\" rel=\"noopener\">\u00e0 la mairie de Grenoble<\/a>. Mais pas Valentin Gabriac (RN) qui ne le dig\u00e8re pas.<\/p>\n<p>\u00ab\u00a0Je suis exclu de ce d\u00e9bat en tant que candidat du Rassemblement national. J\u2019ai relanc\u00e9 les organisateurs, l\u2019exclusion m\u2019a \u00e9t\u00e9 confirm\u00e9e\u00a0: il s\u2019agit d\u2019une d\u00e9rive d\u2019id\u00e9ologues intol\u00e9rants. Fuir le d\u00e9bat et refuser le d\u00e9bat, c\u2019est un comportement minable et l\u00e2che. J\u2019assume de le dire\u00a0: les organisateurs de ce \u201cd\u00e9bat\u201d sont des peureux, des trouillards face au d\u00e9bat intellectuel et \u00e0 la voix du peuple.\u00a0\u00bb<\/p>\n<p>Il demande que\u00a0Tempo restitue une part des financements publics \u00ab\u00a0\u00e0 proportion des \u00e9lecteurs qu\u2019il exclut\u00a0\u00bb.<\/p>\n","protected":false},"excerpt":{"rendered":"Tempo, le r\u00e9seau des musiques actuelles de la m\u00e9tropole grenobloise, organise un d\u00e9bat sur la culture ce mercredi&hellip;\n","protected":false},"author":2,"featured_media":658557,"comment_status":"","ping_status":"","sticky":false,"template":"","format":"standard","meta":{"footnotes":""},"categories":[9566],"tags":[1111,11,2430,1687,112,4188,1777,674,1011,27,2731,2732,108,12,316,1078,25],"class_list":{"0":"post-658556","1":"post","2":"type-post","3":"status-publish","4":"format-standard","5":"has-post-thumbnail","7":"category-grenoble","8":"tag-actu","9":"tag-actualites","10":"tag-auvergne-rhone-alpes","11":"tag-culture-loisirs","12":"tag-edition-grenoble-agglomeration","13":"tag-elections-municipales","14":"tag-eu","15":"tag-europe","16":"tag-fr","17":"tag-france","18":"tag-grenoble","19":"tag-grenoble-bassin","20":"tag-isere","21":"tag-news","22":"tag-politique","23":"tag-rassemblement-national","24":"tag-republique-francaise"},"share_on_mastodon":{"url":"https:\/\/pubeurope.com\/@fr\/115882737323640969","error":""},"_links":{"self":[{"href":"https:\/\/www.europesays.com\/fr\/wp-json\/wp\/v2\/posts\/658556","targetHints":{"allow":["GET"]}}],"collection":[{"href":"https:\/\/www.europesays.com\/fr\/wp-json\/wp\/v2\/posts"}],"about":[{"href":"https:\/\/www.europesays.com\/fr\/wp-json\/wp\/v2\/types\/post"}],"author":[{"embeddable":true,"href":"https:\/\/www.europesays.com\/fr\/wp-json\/wp\/v2\/users\/2"}],"replies":[{"embeddable":true,"href":"https:\/\/www.europesays.com\/fr\/wp-json\/wp\/v2\/comments?post=658556"}],"version-history":[{"count":0,"href":"https:\/\/www.europesays.com\/fr\/wp-json\/wp\/v2\/posts\/658556\/revisions"}],"wp:featuredmedia":[{"embeddable":true,"href":"https:\/\/www.europesays.com\/fr\/wp-json\/wp\/v2\/media\/658557"}],"wp:attachment":[{"href":"https:\/\/www.europesays.com\/fr\/wp-json\/wp\/v2\/media?parent=658556"}],"wp:term":[{"taxonomy":"category","embeddable":true,"href":"https:\/\/www.europesays.com\/fr\/wp-json\/wp\/v2\/categories?post=658556"},{"taxonomy":"post_tag","embeddable":true,"href":"https:\/\/www.europesays.com\/fr\/wp-json\/wp\/v2\/tags?post=658556"}],"curies":[{"name":"wp","href":"https:\/\/api.w.org\/{rel}","templated":true}]}}