{"id":658560,"date":"2026-01-12T15:04:17","date_gmt":"2026-01-12T15:04:17","guid":{"rendered":"https:\/\/www.europesays.com\/fr\/658560\/"},"modified":"2026-01-12T15:04:17","modified_gmt":"2026-01-12T15:04:17","slug":"une-reunion-dinformation-sur-le-bail-reel-solidaire-a-rennes-metropole-ici-rennes-metropole-actualites","status":"publish","type":"post","link":"https:\/\/www.europesays.com\/fr\/658560\/","title":{"rendered":"Une r\u00e9union d&rsquo;information sur le Bail r\u00e9el solidaire \u00e0 Rennes M\u00e9tropole | ICI RENNES M\u00c9TROPOLE Actualit\u00e9s"},"content":{"rendered":"<p>Vous souhaitez devenir propri\u00e9taire dans la m\u00e9tropole\u202f? Rennes M\u00e9tropole et l&rsquo;Adil 35 proposent une r\u00e9union d&rsquo;information sur l&rsquo;accession \u00e0 la propri\u00e9t\u00e9 via le dispositif du Bail r\u00e9el solidaire.<br \/>Avec le BRS, vous achetez le logement mais pas le terrain, ce qui permet de faire baisser le co\u00fbt du bien. Conditions de ressources, d\u00e9marches, modalit\u00e9s&#8230; pour tout savoir, rendez-vous\u00a0<b>mardi 20 janvier de 18h \u00e0 20h \u00e0 l&rsquo;h\u00f4tel de Rennes M\u00e9tropole<\/b>, salle du Conseil \u2013\u00a04, av. Henri-Fr\u00e9ville.<br \/>Inscription obligatoire par mail\u202f:\u00a0<a href=\"https:\/\/www.adil35.org\/#\" target=\"_blank\" rel=\"noopener\"><strong>contact@adil35.org<\/strong><\/a><\/p>\n","protected":false},"excerpt":{"rendered":"Vous souhaitez devenir propri\u00e9taire dans la m\u00e9tropole\u202f? Rennes M\u00e9tropole et l&rsquo;Adil 35 proposent une r\u00e9union d&rsquo;information sur l&rsquo;accession&hellip;\n","protected":false},"author":2,"featured_media":658561,"comment_status":"","ping_status":"","sticky":false,"template":"","format":"standard","meta":{"footnotes":""},"categories":[2821],"tags":[1111,11,829,1777,674,1011,27,12,584,25],"class_list":{"0":"post-658560","1":"post","2":"type-post","3":"status-publish","4":"format-standard","5":"has-post-thumbnail","7":"category-rennes","8":"tag-actu","9":"tag-actualites","10":"tag-bretagne","11":"tag-eu","12":"tag-europe","13":"tag-fr","14":"tag-france","15":"tag-news","16":"tag-rennes","17":"tag-republique-francaise"},"share_on_mastodon":{"url":"https:\/\/pubeurope.com\/@fr\/115882745375124004","error":""},"_links":{"self":[{"href":"https:\/\/www.europesays.com\/fr\/wp-json\/wp\/v2\/posts\/658560","targetHints":{"allow":["GET"]}}],"collection":[{"href":"https:\/\/www.europesays.com\/fr\/wp-json\/wp\/v2\/posts"}],"about":[{"href":"https:\/\/www.europesays.com\/fr\/wp-json\/wp\/v2\/types\/post"}],"author":[{"embeddable":true,"href":"https:\/\/www.europesays.com\/fr\/wp-json\/wp\/v2\/users\/2"}],"replies":[{"embeddable":true,"href":"https:\/\/www.europesays.com\/fr\/wp-json\/wp\/v2\/comments?post=658560"}],"version-history":[{"count":0,"href":"https:\/\/www.europesays.com\/fr\/wp-json\/wp\/v2\/posts\/658560\/revisions"}],"wp:featuredmedia":[{"embeddable":true,"href":"https:\/\/www.europesays.com\/fr\/wp-json\/wp\/v2\/media\/658561"}],"wp:attachment":[{"href":"https:\/\/www.europesays.com\/fr\/wp-json\/wp\/v2\/media?parent=658560"}],"wp:term":[{"taxonomy":"category","embeddable":true,"href":"https:\/\/www.europesays.com\/fr\/wp-json\/wp\/v2\/categories?post=658560"},{"taxonomy":"post_tag","embeddable":true,"href":"https:\/\/www.europesays.com\/fr\/wp-json\/wp\/v2\/tags?post=658560"}],"curies":[{"name":"wp","href":"https:\/\/api.w.org\/{rel}","templated":true}]}}