{"id":658566,"date":"2026-01-12T15:07:10","date_gmt":"2026-01-12T15:07:10","guid":{"rendered":"https:\/\/www.europesays.com\/fr\/658566\/"},"modified":"2026-01-12T15:07:10","modified_gmt":"2026-01-12T15:07:10","slug":"fleuriste-depuis-10-ans-a-strasbourg-arnaud-ouvre-sa-boutique-au-neudorf-voici-ce-quil-propose","status":"publish","type":"post","link":"https:\/\/www.europesays.com\/fr\/658566\/","title":{"rendered":"Fleuriste depuis 10 ans \u00e0 Strasbourg, Arnaud ouvre sa boutique au Neudorf : voici ce qu&rsquo;il propose"},"content":{"rendered":"<p>                    Par<br \/>\n        <strong><br \/>\n            <a href=\"https:\/\/actu.fr\/auteur\/thomas-blanc\" title=\"Consulter tous les articles de Thomas Blanc\" target=\"_blank\" rel=\"noopener\">Thomas Blanc<\/a><br \/>\n                    <\/strong><\/p>\n<p>        Publi\u00e9 le<\/p>\n<p>            12 janv. 2026 \u00e0 14h49        <\/p>\n<p>Un <a href=\"https:\/\/actu.fr\/tag\/nouveaux-commerces\" target=\"_blank\" rel=\"noopener\">nouveau commerce<\/a> vient d\u2019ouvrir ses portes <strong>dans le quartier du Neudorf<\/strong>, \u00e0 <a href=\"https:\/\/actu.fr\/strasbourg\/\" target=\"_blank\" rel=\"noopener\">Strasbourg<\/a>. Cette fleuristerie nomm\u00e9e \u00ab\u00a0Optima Fleuriste\u00a0\u00bb, propose <strong>depuis le samedi 10\u00a0janvier<\/strong> tout type de fleurs avec une attention particuli\u00e8re port\u00e9e sur le conseil.<\/p>\n<p>Des fleurs fra\u00eeches mais aussi des fleurs s\u00e8ches<\/p>\n<p class=\" wall-content\">Pour Arnaud, l\u2019ouverture de son magasin, situ\u00e9 <strong>90 rue de la Ziegelau<\/strong>, \u00e0 Strasbourg, repr\u00e9sente \u00ab\u2009le r\u00e9sultat de plusieurs ann\u00e9es de recherche pour correspondre au maximum <strong>aux \u00e9motions des gens avec des fleurs <\/strong>\u00bb.<\/p>\n<p class=\" wall-content\"><strong>Fleuriste depuis dix ans dans la capitale alsacienne, <\/strong>il propose dans sa nouvelle boutique <strong>des fleurs fra\u00eeches mais aussi des fleurs s\u00e8ches<\/strong> \u00ab\u2009qui rel\u00e8vent plus de la d\u00e9coration durable\u2009\u00bb, selon lui.<\/p>\n<p>Le but est que les gens viennent trouver des fleurs et pas un fleuriste<\/p>\n<p class=\" wall-content\">Les fleurs arriveront \u00e0 la boutique le mercredi. Arnaud pr\u00e9cise que ce qui ne sera pas vendu d\u2019ici le dimanche, il le fera donc s\u00e9cher afin de ne proposer<strong> que des fleurs de la semaine<\/strong> pour ce qui concerne les fleurs fra\u00eeches. D\u2019o\u00f9 le nom de la boutique \u00ab\u2009Optima\u2009\u00bb, comme il le pr\u00e9cise lui-m\u00eame.<\/p>\n<blockquote class=\"ac-article-quote wall-content\">\n<p>Une fleuristerie est un endroit o\u00f9 toutes les \u00e9motions humaines se retrouvent au m\u00eame endroit. Moi, je suis cens\u00e9 r\u00e9ussir \u00e0 proposer aux gens quelque chose qui correspond \u00e0 leur sentiment.<\/p>\n<p>    <strong>Arnaud <\/strong><br \/>\n        G\u00e9rant d&rsquo;Optima Fleuriste    <\/p><\/blockquote>\n<p class=\" wall-content\">Pour lui, c\u2019est le produit qui doit constamment \u00eatre mis en avant. \u00ab\u2009Le but est que les gens <strong>viennent trouver des fleurs<\/strong> et pas un fleuriste\u2009\u00bb, conclut-il.<\/p>\n<p>Optima Fleuriste<br \/>90 rue de la Ziegelau<br \/>Ouvert du mercredi au samedi de 10h \u00e0 20h<br \/>Le dimanche de 9h \u00e0 13h<\/p>\n<p class=\" wall-content\">Personnalisez votre actualit\u00e9 en ajoutant vos villes et m\u00e9dias en favori avec <a href=\"https:\/\/moncompte.actu.fr\" title=\"D\u00e9couvez Mon Actu\" rel=\"nofollow noopener\" data-trk=\"{&quot;cta&quot;:{&quot;action&quot;:&quot;https:\\\/\\\/moncompte.actu.fr&quot;,&quot;category&quot;:&quot;mon compte&quot;,&quot;from&quot;:&quot;article footer&quot;,&quot;name&quot;:&quot;Mon actu&quot;,&quot;type&quot;:&quot;cta&quot;}}\" target=\"_blank\">Mon Actu<\/a>.<\/p>\n","protected":false},"excerpt":{"rendered":"Par Thomas Blanc Publi\u00e9 le 12 janv. 2026 \u00e0 14h49 Un nouveau commerce vient d\u2019ouvrir ses portes dans&hellip;\n","protected":false},"author":2,"featured_media":658567,"comment_status":"","ping_status":"","sticky":false,"template":"","format":"standard","meta":{"footnotes":""},"categories":[2820],"tags":[1111,11,215,33,1777,674,1011,27,775,12,3147,25,640],"class_list":{"0":"post-658566","1":"post","2":"type-post","3":"status-publish","4":"format-standard","5":"has-post-thumbnail","7":"category-strasbourg","8":"tag-actu","9":"tag-actualites","10":"tag-commerce","11":"tag-economie","12":"tag-eu","13":"tag-europe","14":"tag-fr","15":"tag-france","16":"tag-grand-est","17":"tag-news","18":"tag-nouveaux-commerces","19":"tag-republique-francaise","20":"tag-strasbourg"},"share_on_mastodon":{"url":"https:\/\/pubeurope.com\/@fr\/115882756913154369","error":""},"_links":{"self":[{"href":"https:\/\/www.europesays.com\/fr\/wp-json\/wp\/v2\/posts\/658566","targetHints":{"allow":["GET"]}}],"collection":[{"href":"https:\/\/www.europesays.com\/fr\/wp-json\/wp\/v2\/posts"}],"about":[{"href":"https:\/\/www.europesays.com\/fr\/wp-json\/wp\/v2\/types\/post"}],"author":[{"embeddable":true,"href":"https:\/\/www.europesays.com\/fr\/wp-json\/wp\/v2\/users\/2"}],"replies":[{"embeddable":true,"href":"https:\/\/www.europesays.com\/fr\/wp-json\/wp\/v2\/comments?post=658566"}],"version-history":[{"count":0,"href":"https:\/\/www.europesays.com\/fr\/wp-json\/wp\/v2\/posts\/658566\/revisions"}],"wp:featuredmedia":[{"embeddable":true,"href":"https:\/\/www.europesays.com\/fr\/wp-json\/wp\/v2\/media\/658567"}],"wp:attachment":[{"href":"https:\/\/www.europesays.com\/fr\/wp-json\/wp\/v2\/media?parent=658566"}],"wp:term":[{"taxonomy":"category","embeddable":true,"href":"https:\/\/www.europesays.com\/fr\/wp-json\/wp\/v2\/categories?post=658566"},{"taxonomy":"post_tag","embeddable":true,"href":"https:\/\/www.europesays.com\/fr\/wp-json\/wp\/v2\/tags?post=658566"}],"curies":[{"name":"wp","href":"https:\/\/api.w.org\/{rel}","templated":true}]}}