{"id":658568,"date":"2026-01-12T15:08:09","date_gmt":"2026-01-12T15:08:09","guid":{"rendered":"https:\/\/www.europesays.com\/fr\/658568\/"},"modified":"2026-01-12T15:08:09","modified_gmt":"2026-01-12T15:08:09","slug":"la-plaque-hommage-a-ilan-halimi-vandalisee-a-cagnes-sur-mer","status":"publish","type":"post","link":"https:\/\/www.europesays.com\/fr\/658568\/","title":{"rendered":"la plaque hommage \u00e0 Ilan Halimi vandalis\u00e9e \u00e0 Cagnes-sur-Mer"},"content":{"rendered":"<p class=\"fs-5 \">Toujours debout mais tordue : la <strong>plaque hommage \u00e0 Ilan Halimi<\/strong>, enlev\u00e9 il y a vingt ans avant d\u2019\u00eatre s\u00e9questr\u00e9, tortur\u00e9 et laiss\u00e9 pour mort par le gang des barbares, a \u00e9t\u00e9 d\u00e9grad\u00e9e. Elle appara\u00eet courb\u00e9e, ce matin du lundi 12 janvier 2026.<\/p>\n<p class=\"fs-5 \">\u00ab Ce geste honteux, stigmatisant et antis\u00e9mite n\u2019a pas sa place \u00e0 <strong>Cagnes-sur-Mer<\/strong> et il ne peut rester impuni \u00bb, a r\u00e9agi le maire Les R\u00e9publicains sur le r\u00e9seau social X.<\/p>\n<p class=\"fs-5 \">Louis N\u00e8gre, candidat \u00e0 un sixi\u00e8me mandat, pr\u00e9cise : \u00ab Nous avons <strong>port\u00e9 plainte<\/strong> d\u00e8s la premi\u00e8re heure, et nous avons fourni \u00e0 la police nationale des images obtenues par les cam\u00e9ras de la Ville. Une enqu\u00eate est en cours. Nous demandons donc que l\u2019auteur soit tr\u00e8s rapidement traduit en justice et qu\u2019il soit fermement condamn\u00e9. \u00c0 l\u2019heure o\u00f9 certains attisent la haine, dont la communaut\u00e9 juive est la premi\u00e8re victime, il nous revient, plus que jamais, de maintenir la paix qui r\u00e8gne dans notre commune. Mon \u00e9quipe et moi avons toujours veill\u00e9 sur ce bien commun, et nous continuerons de le faire, afin de pr\u00e9server la qui\u00e9tude des Cagnois. \u00bb<\/p>\n<p class=\"fs-5 \">Bryan Masson, d\u00e9put\u00e9 RN et candidat \u00e0 la mairie de Cagnes-sur-Mer, \u00ab\u00a0condamne avec la plus grande fermet\u00e9 cet acte inacceptable\u00a0\u00bb. Il apporte son \u00ab\u00a0soutien plein et entier \u00e0 la communaut\u00e9 juive de Cagnes-sur-Mer\u00a0\u00bb. Et souhaite \u00e9galement \u00ab\u00a0que les auteurs soient rapidement identifi\u00e9s, interpell\u00e9s et s\u00e9v\u00e8rement sanctionn\u00e9s\u00a0\u00bb.<\/p>\n<p class=\"fs-5 \">Avant de conclure\u00a0: \u00ab\u00a0la m\u00e9moire d\u2019Ilan Halimi, victime de la barbarie antis\u00e9mite, m\u00e9rite le respect. Ces actes n\u2019ont pas leur place dans notre ville ni dans notre R\u00e9publique\u00a0\u00bb.<\/p>\n<p>                                                                                <strong>Pas la premi\u00e8re fois<\/strong><\/p>\n<p class=\"fs-5 \">Ce n\u2019est pas la premi\u00e8re fois qu\u2019un symbole rendant hommage \u00e0 la victime du gang des barbares est vandalis\u00e9.<\/p>\n<p class=\"fs-5 \">Le 2 octobre 2025, un <a href=\"https:\/\/www.nicematin.com\/societe\/je-ne-comprends-pas-quel-message-on-veut-faire-passer-a-part-celui-de-la-haine-apres-l-arrachage-de-l-olivier-en-hommage-a-ilan-halimi-les-mentonnais-entre-emotion-et-colere-10650560\" target=\"_blank\" rel=\"noopener\">jeune olivier plant\u00e9 \u00e0 Menton en ao\u00fbt dans le jardin de la Paix-Simone-Veil, au c\u0153ur du parc d\u00e9partemental du Pian avait \u00e9t\u00e9 arrach\u00e9<\/a>.<\/p>\n<p class=\"fs-5 \">L\u2019acte malveillant, commis au moment de Yom Kippour, une des grandes f\u00eates juives, aussi appel\u00e9e \u00ab jour du grand pardon \u00bb, avait suscit\u00e9 une vague d\u2019indignation.<\/p>\n<p class=\"fs-5 \">La municipalit\u00e9 mentonnaise avait <strong>replant\u00e9 un autre arbre<\/strong> quelques jours plus tard.<\/p>\n<p class=\"fs-5 \">\u00c0 la m\u00eame p\u00e9riode, une plaque en hommage \u00e0 Ilan Halimi avait aussi \u00e9t\u00e9 vandalis\u00e9e \u00e0 <strong>Aubagne <\/strong>(Bouches-du-Rh\u00f4ne).<\/p>\n<p class=\"fs-5 \">En ao\u00fbt, un autre olivier avait \u00e9t\u00e9 tron\u00e7onn\u00e9 \u00e0 Epinay-sur-Seine (Seine-Saint-Denis).<\/p>\n<p class=\"fs-5 \">Ces faits ne sont pas isol\u00e9s puisque des symboles avaient fait l\u2019objet de d\u00e9gradations, il y a plusieurs ann\u00e9es \u00e0 Bagneux (Hauts-de-Seine) et Sainte-Genevi\u00e8ve-des-Bois (Essonne), des lieux o\u00f9 Ilan Halimi a \u00e9t\u00e9 d\u00e9tenu et abandonn\u00e9 agonisant.<\/p>\n<p class=\"fs-5 \">\u00c0 chaque fois, le <strong>caract\u00e8re antis\u00e9mite<\/strong> de ces actes a \u00e9t\u00e9 mis en avant.<\/p>\n","protected":false},"excerpt":{"rendered":"Toujours debout mais tordue : la plaque hommage \u00e0 Ilan Halimi, enlev\u00e9 il y a vingt ans avant&hellip;\n","protected":false},"author":2,"featured_media":658569,"comment_status":"","ping_status":"","sticky":false,"template":"","format":"standard","meta":{"footnotes":""},"categories":[2819],"tags":[1111,11,1777,674,1011,27,12,2401,882,25],"class_list":{"0":"post-658568","1":"post","2":"type-post","3":"status-publish","4":"format-standard","5":"has-post-thumbnail","7":"category-nice","8":"tag-actu","9":"tag-actualites","10":"tag-eu","11":"tag-europe","12":"tag-fr","13":"tag-france","14":"tag-news","15":"tag-nice","16":"tag-provence-alpes-cote-dazur","17":"tag-republique-francaise"},"share_on_mastodon":{"url":"https:\/\/pubeurope.com\/@fr\/115882760873379564","error":""},"_links":{"self":[{"href":"https:\/\/www.europesays.com\/fr\/wp-json\/wp\/v2\/posts\/658568","targetHints":{"allow":["GET"]}}],"collection":[{"href":"https:\/\/www.europesays.com\/fr\/wp-json\/wp\/v2\/posts"}],"about":[{"href":"https:\/\/www.europesays.com\/fr\/wp-json\/wp\/v2\/types\/post"}],"author":[{"embeddable":true,"href":"https:\/\/www.europesays.com\/fr\/wp-json\/wp\/v2\/users\/2"}],"replies":[{"embeddable":true,"href":"https:\/\/www.europesays.com\/fr\/wp-json\/wp\/v2\/comments?post=658568"}],"version-history":[{"count":0,"href":"https:\/\/www.europesays.com\/fr\/wp-json\/wp\/v2\/posts\/658568\/revisions"}],"wp:featuredmedia":[{"embeddable":true,"href":"https:\/\/www.europesays.com\/fr\/wp-json\/wp\/v2\/media\/658569"}],"wp:attachment":[{"href":"https:\/\/www.europesays.com\/fr\/wp-json\/wp\/v2\/media?parent=658568"}],"wp:term":[{"taxonomy":"category","embeddable":true,"href":"https:\/\/www.europesays.com\/fr\/wp-json\/wp\/v2\/categories?post=658568"},{"taxonomy":"post_tag","embeddable":true,"href":"https:\/\/www.europesays.com\/fr\/wp-json\/wp\/v2\/tags?post=658568"}],"curies":[{"name":"wp","href":"https:\/\/api.w.org\/{rel}","templated":true}]}}