{"id":658570,"date":"2026-01-12T15:09:09","date_gmt":"2026-01-12T15:09:09","guid":{"rendered":"https:\/\/www.europesays.com\/fr\/658570\/"},"modified":"2026-01-12T15:09:09","modified_gmt":"2026-01-12T15:09:09","slug":"nationale-nice-le-vol-de-laigle-face-a-perigueux","status":"publish","type":"post","link":"https:\/\/www.europesays.com\/fr\/658570\/","title":{"rendered":"Nationale &#8211; Nice, le vol de l\u2019aigle face \u00e0 P\u00e9rigueux"},"content":{"rendered":"<p>\n                Dans ce choc de reprise, Nissa Rugby n\u2019a pas laiss\u00e9 la moindre chance \u00e0 une \u00e9quipe de P\u00e9rigueux r\u00e9siliente (43-27) montrant ainsi l\u2019\u00e9tendue de sa force de frappe offensive avec sept essais au compteur.\n            <\/p>\n<p>Et si, au final, la d\u00e9convenue enregistr\u00e9e \u00e0 domicile face \u00e0 Albi avait servi d\u2019\u00e9lectrochoc et r\u00e9veill\u00e9 la col\u00e8re de Nissa Rugby qui, jusqu\u2019alors, semblait ronronner dans ce championnat ? Car depuis, les tableaux d\u2019affichage s\u2019affolent et les essais s\u2019encha\u00eenent. Pour ce match de reprise, c\u2019est P\u00e9rigueux, un adversaire direct \u00e0 la qualification, qui a fait les frais de la furia azur\u00e9enne, traduite par un troisi\u00e8me match cons\u00e9cutif \u00e0 plus de quarante points. \u00ab\u00a0Nous redevenons l\u2019\u00e9quipe qu\u2019on avait commenc\u00e9 \u00e0 \u00eatre en tout d\u00e9but de saison\u00a0\u00bb, explique l\u2019ailier Cl\u00e9ment Egiziano auteur d\u2019un match plein. \u00ab\u00a0Par la suite, quand on a connu quelques d\u00e9faites \u00e0 l\u2019ext\u00e9rieur, nous avons commenc\u00e9 \u00e0 nous brider, \u00e0 jouer la d\u00e9possession et un rugby qui ne nous souriait pas. Quand on tient le ballon, qu\u2019on fait des passes et qu\u2019on joue nos duels, nous sommes une \u00e9quipe bien plus dangereuse. Depuis le match \u00e0 Rennes, nous avons compris \u00e7a.\u00a0\u00bb<\/p>\n<p>Sept marqueurs diff\u00e9rents<\/p>\n<p>Et le moins que l\u2019on puisse dire, c\u2019est que face au CAP, il y en a eu pour tous les go\u00fbts, tant l\u2019aigle ni\u00e7ois a fait l\u2019\u00e9talage de son arsenal offensif. Des essais de costauds sur des group\u00e9s-p\u00e9n\u00e9trants, d\u2019autres en premi\u00e8re main ou suite \u00e0 des mouvements d\u2019envergure balayant le terrain sur plusieurs temps de jeu, et certains venus de courses folles ou de contre-attaque de plus de quatre-vingt m\u00e8tres. Sept r\u00e9alisations par sept marqueurs diff\u00e9rents, n\u2019en jetez plus ! Une sorte de rugby total bien servi par une conqu\u00eate de haut vol comme toujours. \u00ab\u00a0Il y a eu une bonne osmose entre avants et trois-quarts, savoure l\u2019ailier ni\u00e7ois. C\u2019est agr\u00e9able de commencer 2026 de cette fa\u00e7on avec un groupe uni qui a envie de jouer les uns pour les autres et une belle force collective.\u00a0\u00bb<\/p>\n<p>\u00ab\u00a0Depuis le d\u00e9but de la saison, la conqu\u00eate est vraiment notre point fort, poursuit Baptiste Lafond. Les avants ont \u00e9t\u00e9 irr\u00e9prochables et il faut les f\u00e9liciter. C\u2019est la base du rugby et derri\u00e8re, nous profitons de \u00e7a.\u00a0\u00bb De l\u00e0 \u00e0 parler de match r\u00e9f\u00e9rence ? \u00ab\u00a0Je pense qu\u2019on le cherche encore, nuance le centre ni\u00e7ois. Il y a eu de tr\u00e8s belles choses, c\u2019est s\u00fbr, mais nous prenons quand m\u00eame vingt points \u00e0 domicile et nous avons encore quelques minutes de trous d\u2019air durant lesquelles nous retombons dans nos travers. C\u2019est ce que nous devons corriger d\u00e8s la semaine prochaine pour la venue de Bourgoin.\u00a0\u00bb<\/p>\n<p>C\u00f4t\u00e9 p\u00e9rigourdin, l\u2019entra\u00eeneur Didier Casadei se veut fataliste : \u00ab\u00a0C\u2019\u00e9tait un match de reprise. Nous ne sommes revenus au boulot qu\u2019en d\u00e9but de semaine et avec les temp\u00e9ratures qu\u2019il y avait, nous n\u2019avons pas trop pu nous entra\u00eener et pr\u00e9parer ce d\u00e9placement comme on l\u2019esp\u00e9rait. La partie a \u00e9t\u00e9 difficile car Nice a \u00e9t\u00e9 performant, costaud, opportuniste. Il y a une situation compliqu\u00e9e moralement, \u00e0 12 \u00e0 6, quand on prend un essai de cent m\u00e8tres. Cela nous a mis un peu loin au score. Mais l\u2019\u00e9quipe a fait preuve de volont\u00e9 et de r\u00e9silience. Nous nous sommes accroch\u00e9s pour finir \u00e0 seize points d\u2019\u00e9cart, ce qui correspond, je le pense, \u00e0 la physionomie du match. L\u2019objectif initial \u00e9tait de donner une bonne image de notre groupe et du club et \u00e0 ce niveau nous avons montr\u00e9 du c\u0153ur et du caract\u00e8re. Le point n\u00e9gatif, ce sont surtout les blessures qui s\u2019accumulent. Il faudrait qu\u2019elles nous \u00e9pargnent car nous n\u2019avons pas non plus un effectif pl\u00e9thorique.\u00a0\u00bb<\/p>\n","protected":false},"excerpt":{"rendered":"Dans ce choc de reprise, Nissa Rugby n\u2019a pas laiss\u00e9 la moindre chance \u00e0 une \u00e9quipe de P\u00e9rigueux&hellip;\n","protected":false},"author":2,"featured_media":658571,"comment_status":"","ping_status":"","sticky":false,"template":"","format":"standard","meta":{"footnotes":""},"categories":[2819],"tags":[1111,11,1777,674,1011,27,4361,12,2401,882,25,68796],"class_list":{"0":"post-658570","1":"post","2":"type-post","3":"status-publish","4":"format-standard","5":"has-post-thumbnail","7":"category-nice","8":"tag-actu","9":"tag-actualites","10":"tag-eu","11":"tag-europe","12":"tag-fr","13":"tag-france","14":"tag-nationale","15":"tag-news","16":"tag-nice","17":"tag-provence-alpes-cote-dazur","18":"tag-republique-francaise","19":"tag-rugby-u00e0-xv"},"share_on_mastodon":{"url":"https:\/\/pubeurope.com\/@fr\/115882764843267567","error":""},"_links":{"self":[{"href":"https:\/\/www.europesays.com\/fr\/wp-json\/wp\/v2\/posts\/658570","targetHints":{"allow":["GET"]}}],"collection":[{"href":"https:\/\/www.europesays.com\/fr\/wp-json\/wp\/v2\/posts"}],"about":[{"href":"https:\/\/www.europesays.com\/fr\/wp-json\/wp\/v2\/types\/post"}],"author":[{"embeddable":true,"href":"https:\/\/www.europesays.com\/fr\/wp-json\/wp\/v2\/users\/2"}],"replies":[{"embeddable":true,"href":"https:\/\/www.europesays.com\/fr\/wp-json\/wp\/v2\/comments?post=658570"}],"version-history":[{"count":0,"href":"https:\/\/www.europesays.com\/fr\/wp-json\/wp\/v2\/posts\/658570\/revisions"}],"wp:featuredmedia":[{"embeddable":true,"href":"https:\/\/www.europesays.com\/fr\/wp-json\/wp\/v2\/media\/658571"}],"wp:attachment":[{"href":"https:\/\/www.europesays.com\/fr\/wp-json\/wp\/v2\/media?parent=658570"}],"wp:term":[{"taxonomy":"category","embeddable":true,"href":"https:\/\/www.europesays.com\/fr\/wp-json\/wp\/v2\/categories?post=658570"},{"taxonomy":"post_tag","embeddable":true,"href":"https:\/\/www.europesays.com\/fr\/wp-json\/wp\/v2\/tags?post=658570"}],"curies":[{"name":"wp","href":"https:\/\/api.w.org\/{rel}","templated":true}]}}