{"id":658580,"date":"2026-01-12T15:14:10","date_gmt":"2026-01-12T15:14:10","guid":{"rendered":"https:\/\/www.europesays.com\/fr\/658580\/"},"modified":"2026-01-12T15:14:10","modified_gmt":"2026-01-12T15:14:10","slug":"vers-une-hausse-de-35-des-effectifs-de-magistrats-au-sein-de-la-cour-dappel-de-toulouse-dici-2027","status":"publish","type":"post","link":"https:\/\/www.europesays.com\/fr\/658580\/","title":{"rendered":"Vers une hausse de 35\u00a0% des effectifs de magistrats au sein de la cour d\u2019appel de Toulouse d\u2019ici 2027"},"content":{"rendered":"<p>\n                                                                    l&rsquo;essentiel<br \/>\n                                                                Le recrutement massif dans le secteur judiciaire vise \u00e0 d\u00e9sengorger les juridictions fran\u00e7aises. D\u2019ici 2027, la cour d\u2019appel de Toulouse pr\u00e9voit une augmentation de 35\u00a0% des magistrats. Cette strat\u00e9gie suffira-t-elle \u00e0 acc\u00e9l\u00e9rer le traitement des dossiers\u00a0?\n                            <\/p>\n<p>\u00c0 Toulouse comme partout en France, le minist\u00e8re de la Justice mise sur un renforcement in\u00e9dit des effectifs pour r\u00e9duire les d\u00e9lais de jugement. Cette augmentation s\u2019inscrit dans la loi d\u2019orientation et de programmation 2023-2027, qui pr\u00e9voit le recrutement de milliers de professionnels pour r\u00e9pondre \u00e0 l\u2019engorgement chronique des juridictions. \u00c0 l\u2019\u00e9chelle nationale, 1500 magistrats et 1800 greffiers doivent ainsi \u00eatre recrut\u00e9s sur la p\u00e9riode en plus du doublement des effectifs d\u2019attach\u00e9s de justice.<\/p>\n<p>Une hausse d\u00e9j\u00e0 visible<\/p>\n<p>Entre\u00a02017 et\u00a02025, les effectifs de la cour d\u2019appel de Toulouse \u2013 qui englobe les tribunaux judiciaires de Toulouse, Saint-Gaudens, Castres, Foix, Albi et Montauban \u2013 ont d\u00e9j\u00e0 progress\u00e9\u00a0: le nombre de magistrats a augment\u00e9 de 25\u00a0% tandis que celui des greffiers a cr\u00fb de 23\u00a0%. Dans l\u2019ensemble des tribunaux du territoire couvert par la cour d\u2019appel, cela repr\u00e9sente 51 magistrats et 63 greffiers suppl\u00e9mentaires, ainsi que 73 attach\u00e9s de justice venus renforcer les \u00e9quipes.<\/p>\n<p>Des renforts jug\u00e9s n\u00e9cessaires dans une r\u00e9gion marqu\u00e9e par une forte activit\u00e9 judiciaire. Toulouse, quatri\u00e8me ville de France, tout comme les autres grandes m\u00e9tropoles, font r\u00e9guli\u00e8rement face \u00e0 un volume important de dossiers.<\/p>\n<p>Objectif 2027\u00a0: acc\u00e9l\u00e9rer le traitement des dossiers<\/p>\n<p>La dynamique devrait se poursuivre dans les prochaines ann\u00e9es. \u00c0 l\u2019horizon 2027, le minist\u00e8re anticipe une hausse totale de 35\u00a0% des effectifs de magistrats et de 28\u00a0% de ceux des greffiers dans le ressort de la cour d\u2019appel de Toulouse. Une mont\u00e9e en puissance rendue possible par l\u2019augmentation du nombre d\u2019\u00e9l\u00e8ves actuellement en formation \u00e0 l\u2019\u00c9cole nationale de la magistrature et \u00e0 l\u2019\u00c9cole nationale des greffes.<\/p>\n","protected":false},"excerpt":{"rendered":"l&rsquo;essentiel Le recrutement massif dans le secteur judiciaire vise \u00e0 d\u00e9sengorger les juridictions fran\u00e7aises. D\u2019ici 2027, la cour&hellip;\n","protected":false},"author":2,"featured_media":658581,"comment_status":"","ping_status":"","sticky":false,"template":"","format":"standard","meta":{"footnotes":""},"categories":[2816],"tags":[1111,11,1777,674,1011,27,329,2722,303,12,2680,25,2312],"class_list":{"0":"post-658580","1":"post","2":"type-post","3":"status-publish","4":"format-standard","5":"has-post-thumbnail","7":"category-toulouse","8":"tag-actu","9":"tag-actualites","10":"tag-eu","11":"tag-europe","12":"tag-fr","13":"tag-france","14":"tag-france-monde","15":"tag-haute-garonne","16":"tag-justice","17":"tag-news","18":"tag-occitanie","19":"tag-republique-francaise","20":"tag-toulouse"},"share_on_mastodon":{"url":"https:\/\/pubeurope.com\/@fr\/115882784539015982","error":""},"_links":{"self":[{"href":"https:\/\/www.europesays.com\/fr\/wp-json\/wp\/v2\/posts\/658580","targetHints":{"allow":["GET"]}}],"collection":[{"href":"https:\/\/www.europesays.com\/fr\/wp-json\/wp\/v2\/posts"}],"about":[{"href":"https:\/\/www.europesays.com\/fr\/wp-json\/wp\/v2\/types\/post"}],"author":[{"embeddable":true,"href":"https:\/\/www.europesays.com\/fr\/wp-json\/wp\/v2\/users\/2"}],"replies":[{"embeddable":true,"href":"https:\/\/www.europesays.com\/fr\/wp-json\/wp\/v2\/comments?post=658580"}],"version-history":[{"count":0,"href":"https:\/\/www.europesays.com\/fr\/wp-json\/wp\/v2\/posts\/658580\/revisions"}],"wp:featuredmedia":[{"embeddable":true,"href":"https:\/\/www.europesays.com\/fr\/wp-json\/wp\/v2\/media\/658581"}],"wp:attachment":[{"href":"https:\/\/www.europesays.com\/fr\/wp-json\/wp\/v2\/media?parent=658580"}],"wp:term":[{"taxonomy":"category","embeddable":true,"href":"https:\/\/www.europesays.com\/fr\/wp-json\/wp\/v2\/categories?post=658580"},{"taxonomy":"post_tag","embeddable":true,"href":"https:\/\/www.europesays.com\/fr\/wp-json\/wp\/v2\/tags?post=658580"}],"curies":[{"name":"wp","href":"https:\/\/api.w.org\/{rel}","templated":true}]}}