{"id":658590,"date":"2026-01-12T15:19:13","date_gmt":"2026-01-12T15:19:13","guid":{"rendered":"https:\/\/www.europesays.com\/fr\/658590\/"},"modified":"2026-01-12T15:19:13","modified_gmt":"2026-01-12T15:19:13","slug":"marseille-a-saint-mauront-des-salaries-dorange-fuient-leurs-bureaux-apres-des-tirs-europe-1-dans-les-medias-presse","status":"publish","type":"post","link":"https:\/\/www.europesays.com\/fr\/658590\/","title":{"rendered":"Marseille : \u00e0 Saint-Mauront, des salari\u00e9s d\u2019Orange fuient leurs bureaux apr\u00e8s des tirs &#8211; Europe 1 | Dans les m\u00e9dias | Presse"},"content":{"rendered":"<p class=\"uk-margin-small-top uk-margin-remove-bottom uk-article-meta\">\n                R\u00e9dig\u00e9 par St\u00e9phanie CRESPIN le 12 janvier 2026.                Publi\u00e9 dans <a href=\"https:\/\/www.cfecgc-orange.org\/revue-de-presse\/\" target=\"_blank\" rel=\"noopener\">Dans les m\u00e9dias<\/a>.            <\/p>\n<p>\t\t\t\t        \t\t\t\t            <img loading=\"lazy\" decoding=\"async\" src=\"https:\/\/www.europesays.com\/fr\/wp-content\/uploads\/2026\/01\/vue_st-mauront.png\" alt=\"vue st mauront\" width=\"605\" height=\"396\"\/><br \/>\n\u00c0 Saint-Mauront, dans le nord de Marseille, les salari\u00e9s de l&rsquo;op\u00e9rateur t\u00e9l\u00e9phonique Orange ne travaillent plus sur leur site. Des impacts de balles ont \u00e9t\u00e9 retrouv\u00e9s dans les vitres de leurs bureaux, dans un quartier min\u00e9 par les trafics et la violence. Les salari\u00e9s demandent donc logiquement le d\u00e9m\u00e9nagement des locaux.<\/p>\n<p>[&#8230;]<br \/>\u00ab\u00a0On voit des impacts sur les vitres \u00e0 diff\u00e9rents endroits. <a href=\"https:\/\/www.europe1.fr\/societe\/fermeture-dun-site-orange-a-marseille-sur-fond-de-narcotrafic-cest-un-echec-pour-letat-pointe-bruno-bartocetti-878074\" target=\"_blank\" rel=\"noopener\">Il y a eu des tirs au rez-de-chauss\u00e9e et au deuxi\u00e8me \u00e9tage<\/a>. Il y a une balle qui a travers\u00e9 compl\u00e8tement et qui est all\u00e9e se mettre dans la paroi de l&rsquo;autre c\u00f4t\u00e9 de la salle de travail. On voit des trous gros comme des pi\u00e8ces de cinq francs qui traversent un bureau. Tu as l&rsquo;impression que tous les jours \u00e7a fait un pas de plus dans ta direction\u00a0\u00bb, a d\u00e9clar\u00e9 Nadege Poet, d\u00e9l\u00e9gu\u00e9e CFE CGC, qui a montr\u00e9 les photos des impacts de balles \u00e0 Europe 1.\u00a0<br \/>[&#8230;)<br \/><strong>Lire l&rsquo;article complet sur <a href=\"https:\/\/www.europe1.fr\/Police-Justice\/marseille-a-saint-mauront-des-salaries-dorange-fuient-leurs-bureaux-apres-des-tirs-878329\" target=\"_blank\" rel=\"noopener\">Europe 1<\/a> &#8211; St\u00e9phane Burgatt &#8211; 12\/01\/2026<\/strong><\/p>\n<p>\t\t\t\t\t\t\t\t\t\t\t\t<a href=\"https:\/\/www.cfecgc-orange.org\/tag\/key-cit-conditions.html\" class=\"my-tag\" property=\"keywords\" target=\"_blank\" rel=\"noopener\">Conditions de Travail et Sant\u00e9<\/a><br \/>\n\t\t\t\t\t\t\t\t\t\t\t\t\t\t<a href=\"https:\/\/www.cfecgc-orange.org\/tag\/key-do-gse.html\" class=\"my-tag\" property=\"keywords\" target=\"_blank\" rel=\"noopener\">DO Grand Sud-Est<\/a>\n\t\t\t<\/p>\n","protected":false},"excerpt":{"rendered":"R\u00e9dig\u00e9 par St\u00e9phanie CRESPIN le 12 janvier 2026. Publi\u00e9 dans Dans les m\u00e9dias. \u00c0 Saint-Mauront, dans le nord&hellip;\n","protected":false},"author":2,"featured_media":658591,"comment_status":"","ping_status":"","sticky":false,"template":"","format":"standard","meta":{"footnotes":""},"categories":[2814],"tags":[1111,11,33781,68592,32577,68593,68594,68597,32581,1777,674,6248,1011,27,964,68595,68596,884,12,68598,738,882,25,68599,34263,68590,68591,11564],"class_list":{"0":"post-658590","1":"post","2":"type-post","3":"status-publish","4":"format-standard","5":"has-post-thumbnail","7":"category-marseille","8":"tag-actu","9":"tag-actualites","10":"tag-cadre","11":"tag-cfe","12":"tag-cfe-cgc","13":"tag-cfecgc","14":"tag-cgc","15":"tag-droit-prive","16":"tag-encadrement","17":"tag-eu","18":"tag-europe","19":"tag-fonctionnaire","20":"tag-fr","21":"tag-france","22":"tag-france-telecom","23":"tag-ft","24":"tag-ft-sa","25":"tag-marseille","26":"tag-news","27":"tag-non-cadre","28":"tag-orange","29":"tag-provence-alpes-cote-dazur","30":"tag-republique-francaise","31":"tag-sebastien-crozier","32":"tag-section","33":"tag-sncgc","34":"tag-sncgc-ft","35":"tag-syndicat"},"share_on_mastodon":{"url":"https:\/\/pubeurope.com\/@fr\/115882804256354771","error":""},"_links":{"self":[{"href":"https:\/\/www.europesays.com\/fr\/wp-json\/wp\/v2\/posts\/658590","targetHints":{"allow":["GET"]}}],"collection":[{"href":"https:\/\/www.europesays.com\/fr\/wp-json\/wp\/v2\/posts"}],"about":[{"href":"https:\/\/www.europesays.com\/fr\/wp-json\/wp\/v2\/types\/post"}],"author":[{"embeddable":true,"href":"https:\/\/www.europesays.com\/fr\/wp-json\/wp\/v2\/users\/2"}],"replies":[{"embeddable":true,"href":"https:\/\/www.europesays.com\/fr\/wp-json\/wp\/v2\/comments?post=658590"}],"version-history":[{"count":0,"href":"https:\/\/www.europesays.com\/fr\/wp-json\/wp\/v2\/posts\/658590\/revisions"}],"wp:featuredmedia":[{"embeddable":true,"href":"https:\/\/www.europesays.com\/fr\/wp-json\/wp\/v2\/media\/658591"}],"wp:attachment":[{"href":"https:\/\/www.europesays.com\/fr\/wp-json\/wp\/v2\/media?parent=658590"}],"wp:term":[{"taxonomy":"category","embeddable":true,"href":"https:\/\/www.europesays.com\/fr\/wp-json\/wp\/v2\/categories?post=658590"},{"taxonomy":"post_tag","embeddable":true,"href":"https:\/\/www.europesays.com\/fr\/wp-json\/wp\/v2\/tags?post=658590"}],"curies":[{"name":"wp","href":"https:\/\/api.w.org\/{rel}","templated":true}]}}