{"id":658594,"date":"2026-01-12T15:21:16","date_gmt":"2026-01-12T15:21:16","guid":{"rendered":"https:\/\/www.europesays.com\/fr\/658594\/"},"modified":"2026-01-12T15:21:16","modified_gmt":"2026-01-12T15:21:16","slug":"un-bar-festif-ferme-durgence-apres-plusieurs-rixes","status":"publish","type":"post","link":"https:\/\/www.europesays.com\/fr\/658594\/","title":{"rendered":"un bar festif ferm\u00e9 d&rsquo;urgence apr\u00e8s plusieurs rixes"},"content":{"rendered":"<p class=\"content\" style=\"font-size:1.2em;font-weight:700\">Suite \u00e0 plusieurs rixes entre personnes alcoolis\u00e9es, le bar festif \u00ab\u00a0L&rsquo;Annexe\u00a0\u00bb, situ\u00e9 \u00e0 Saint-Pierre-Chandieu (Rh\u00f4ne), fait l&rsquo;objet d&rsquo;une fermeture administrative. <\/p>\n<p>Le bar et restaurant festif \u00ab\u00a0L&rsquo;annexe\u00a0\u00bb,\u00a0situ\u00e9 \u00e0 Saint-Pierre Chandieu dans le Rh\u00f4ne, a \u00e9t\u00e9 ferm\u00e9 d&rsquo;urgence par la pr\u00e9fecture du Rh\u00f4ne.\u00a0Situ\u00e9 chemin de la Bouvi\u00e8re, l&rsquo;\u00e9tablissement fait l&rsquo;objet d&rsquo;une fermeture administrative suite \u00e0 plusieurs rixes entre personnes alcoolis\u00e9es.<\/p>\n<p>Rixes entre personnes alcoolis\u00e9es <\/p>\n<p>Dans l&rsquo;arr\u00eat\u00e9 datant du 31 d\u00e9cembre, les autorit\u00e9s mettent en cause deux rixes survenus entre octobre et novembre 2025, alors que l\u2019\u00e9tablissement avait d\u00e9j\u00e0 fait l&rsquo;objet d&rsquo;un avertissement. Lors des deux incidents, les clients \u00e9taient alcoolis\u00e9s.<\/p>\n<p>Lors de la premi\u00e8re bagarre survenue dans la nuit du 18 au 19 octobre, une personne avait \u00e9t\u00e9 gri\u00e8vement bless\u00e9e en essayant de d\u00e9sarmer un homme munis d&rsquo;un couteau. Selon les autorit\u00e9s, le mis en cause avait \u00ab\u00a0consomm\u00e9 une grande quantit\u00e9 de vodka au bar.\u00a0\u00bb<\/p>\n<p>\u00ab\u00a0Consid\u00e9rant que la g\u00e9rante n&rsquo;a pas veill\u00e9 \u00e0 ne pas servir jusqu&rsquo;\u00e0 l&rsquo;ivresse\u00a0\u00bb et compte tenu de la gravit\u00e9 et de la r\u00e9cidive des rixes,\u00a0l&rsquo;\u00e9tablissement sera contraint de rester ferm\u00e9 pour une dur\u00e9e d&rsquo;un mois \u00e0 compter du 8 janvier.<\/p>\n<p><strong>Lire aussi : <\/strong><a href=\"https:\/\/www.lyoncapitale.fr\/rubrique\/actualite\" target=\"_blank\" rel=\"noopener\"><strong>Manque d&rsquo;autorisation, gaz hilarant&#8230; un bar \u00e0 chicha ferm\u00e9 d&rsquo;urgence \u00e0 Lyon<br \/><\/strong><\/a><\/p>\n","protected":false},"excerpt":{"rendered":"Suite \u00e0 plusieurs rixes entre personnes alcoolis\u00e9es, le bar festif \u00ab\u00a0L&rsquo;Annexe\u00a0\u00bb, situ\u00e9 \u00e0 Saint-Pierre-Chandieu (Rh\u00f4ne), fait l&rsquo;objet d&rsquo;une&hellip;\n","protected":false},"author":2,"featured_media":658595,"comment_status":"","ping_status":"","sticky":false,"template":"","format":"standard","meta":{"footnotes":""},"categories":[1889],"tags":[1111,11,2430,1777,674,1011,27,2428,12,25],"class_list":{"0":"post-658594","1":"post","2":"type-post","3":"status-publish","4":"format-standard","5":"has-post-thumbnail","7":"category-lyon","8":"tag-actu","9":"tag-actualites","10":"tag-auvergne-rhone-alpes","11":"tag-eu","12":"tag-europe","13":"tag-fr","14":"tag-france","15":"tag-lyon","16":"tag-news","17":"tag-republique-francaise"},"share_on_mastodon":{"url":"https:\/\/pubeurope.com\/@fr\/115882811866022647","error":""},"_links":{"self":[{"href":"https:\/\/www.europesays.com\/fr\/wp-json\/wp\/v2\/posts\/658594","targetHints":{"allow":["GET"]}}],"collection":[{"href":"https:\/\/www.europesays.com\/fr\/wp-json\/wp\/v2\/posts"}],"about":[{"href":"https:\/\/www.europesays.com\/fr\/wp-json\/wp\/v2\/types\/post"}],"author":[{"embeddable":true,"href":"https:\/\/www.europesays.com\/fr\/wp-json\/wp\/v2\/users\/2"}],"replies":[{"embeddable":true,"href":"https:\/\/www.europesays.com\/fr\/wp-json\/wp\/v2\/comments?post=658594"}],"version-history":[{"count":0,"href":"https:\/\/www.europesays.com\/fr\/wp-json\/wp\/v2\/posts\/658594\/revisions"}],"wp:featuredmedia":[{"embeddable":true,"href":"https:\/\/www.europesays.com\/fr\/wp-json\/wp\/v2\/media\/658595"}],"wp:attachment":[{"href":"https:\/\/www.europesays.com\/fr\/wp-json\/wp\/v2\/media?parent=658594"}],"wp:term":[{"taxonomy":"category","embeddable":true,"href":"https:\/\/www.europesays.com\/fr\/wp-json\/wp\/v2\/categories?post=658594"},{"taxonomy":"post_tag","embeddable":true,"href":"https:\/\/www.europesays.com\/fr\/wp-json\/wp\/v2\/tags?post=658594"}],"curies":[{"name":"wp","href":"https:\/\/api.w.org\/{rel}","templated":true}]}}