{"id":658598,"date":"2026-01-12T15:24:14","date_gmt":"2026-01-12T15:24:14","guid":{"rendered":"https:\/\/www.europesays.com\/fr\/658598\/"},"modified":"2026-01-12T15:24:14","modified_gmt":"2026-01-12T15:24:14","slug":"lartiste-choisit-paris-pour-sa-premiere-exposition","status":"publish","type":"post","link":"https:\/\/www.europesays.com\/fr\/658598\/","title":{"rendered":"l&rsquo;artiste choisit Paris pour sa premi\u00e8re exposition"},"content":{"rendered":"<p>                    Par<br \/>\n        <strong><br \/>\n            <a href=\"https:\/\/actu.fr\/auteur\/glenn-gillet\" title=\"Consulter tous les articles de Glenn Gillet\" target=\"_blank\" rel=\"noopener\">Glenn Gillet<\/a><br \/>\n                    <\/strong><\/p>\n<p>        Publi\u00e9 le<\/p>\n<p>            12 janv. 2026 \u00e0 16h07        <\/p>\n<p>Vous connaissiez le rappeur et chanteur <a href=\"https:\/\/actu.fr\/ile-de-france\/paris_75056\/paris-kid-cudi-installe-une-statue-geante-a-son-effigie-sur-la-place-de-la-bourse_60556842.html\" target=\"_blank\" rel=\"noopener\">Kid Cudi<\/a>\u2009? Pr\u00e9parez-vous \u00e0 d\u00e9couvrir, si vous n\u2019aviez pas pu le faire jusqu\u2019ici, ses <a href=\"https:\/\/actu.fr\/ile-de-france\/paris_75056\/trop-facile-a-paris-le-voleur-de-tableaux-bipolaire-interdit-de-se-rendre-dans-les-musees_62089792.html\" target=\"_blank\" rel=\"noopener\">tableaux<\/a>\u2009: <strong>l\u2019artiste am\u00e9ricain<\/strong> a choisi Paris et une galerie du <a href=\"https:\/\/actu.fr\/ile-de-france\/paris_75056\/paris-anne-hidalgo-envisage-le-futur-du-bhv-marais-et-veut-y-installer-des-logements-sociaux_63581963.html\" target=\"_blank\" rel=\"noopener\">Marais<\/a> pour pr\u00e9senter pour la premi\u00e8re fois son travail pictural. L\u2019exposition Echoes of the Past sera accessible <strong>gratuitement<\/strong> du 31\u00a0janvier au 1er\u00a0mars 2026.<\/p>\n<p>\u00ab\u2009J\u2019ai h\u00e2te de d\u00e9voiler ces \u0153uvres au monde entier\u2009\u00bb<\/p>\n<p class=\" wall-content\">Pour retrouver les \u0153uvres de \u00ab\u2009Scotty Ramon\u2009\u00bb, le nom sous lequel l\u2019artiste pr\u00e9sente ses toiles, il faudra se rendre \u00e0 la galerie Ruttkowski, dans le 3e arrondissement de Paris. Une bande-son a \u00e9t\u00e9 sp\u00e9cialement compos\u00e9e pour accompagner le public lors de sa visite des lieux.<\/p>\n<p class=\" wall-content\">Cette exposition sera la toute premi\u00e8re de Kid Cudi, aujourd\u2019hui \u00e2g\u00e9 de 41\u00a0ans et qui s\u2019est mis \u00e0 la peinture sur le tard. \u00ab\u2009<strong>La vague de cr\u00e9ativit\u00e9<\/strong> qui m\u2019envahit est irr\u00e9elle. [\u2026] La peinture me donne un pouvoir que je n\u2019avais jamais eu auparavant. Ma premi\u00e8re exposition aura lieu l\u2019ann\u00e9e prochaine, le jour de mon anniversaire, \u00e0 Paris. J\u2019ai h\u00e2te de d\u00e9voiler ces \u0153uvres au monde entier\u2009\u00bb, annon\u00e7ait-il alors.<\/p>\n<p class=\" wall-content\"><a href=\"https:\/\/www.instagram.com\/p\/DTQh-P9irqn\/embed\" title=\"Ouvrir le lien sur Instagram\" target=\"_blank\" rel=\"noopener\">Visualiser le contenu sur Instagram<\/a><\/p>\n<p class=\" wall-content\">Depuis, l\u2019artiste a multipli\u00e9 les toiles mettant en sc\u00e8ne un petit personnage du nom de Max, son \u00ab\u2009alter ego\u2009\u00bb, dans des situations \u00e9voquant des r\u00eaves et parfois des cauchemars. Dans son annonce de l\u2019exposition, la galerie Ruttkowski explique que Kid Cudi a \u00ab\u2009toujours eu ce don\u2009\u00bb pour le dessin et l\u2019utilisation \u00ab\u2009vibrante\u2009\u00bb des couleurs.<\/p>\n<p class=\" wall-content\">\u00ab\u2009Enfant, <strong>il r\u00eavait de devenir dessinateur<\/strong>. Aujourd\u2019hui, il a r\u00e9veill\u00e9 cette libert\u00e9 cr\u00e9ative enfantine, mais celle-ci coexiste d\u00e9sormais avec les multiples couches de son exp\u00e9rience v\u00e9cue\u2009\u00bb, d\u00e9veloppe l\u2019organisateur de l\u2019exposition.<\/p>\n<p>Echoes of the Past par Scotty Ramon \u00e0 la galerie Ruttkowski, 8 rue Charlot \u00e0 Paris (3e arrondissement). Vernissage ouvert au public le 31\u00a0janvier 2026. Exposition accessible gratuitement jusqu\u2019au 1er\u00a0mars.<\/p>\n<p class=\" wall-content\">Personnalisez votre actualit\u00e9 en ajoutant vos villes et m\u00e9dias en favori avec <a href=\"https:\/\/moncompte.actu.fr\" title=\"D\u00e9couvez Mon Actu\" rel=\"nofollow noopener\" data-trk=\"{&quot;cta&quot;:{&quot;action&quot;:&quot;https:\\\/\\\/moncompte.actu.fr&quot;,&quot;category&quot;:&quot;mon compte&quot;,&quot;from&quot;:&quot;article footer&quot;,&quot;name&quot;:&quot;Mon actu&quot;,&quot;type&quot;:&quot;cta&quot;}}\" target=\"_blank\">Mon Actu<\/a>.<\/p>\n<p>                    <script async src=\"\/\/www.instagram.com\/embed.js\"><\/script><\/p>\n","protected":false},"excerpt":{"rendered":"Par Glenn Gillet Publi\u00e9 le 12 janv. 2026 \u00e0 16h07 Vous connaissiez le rappeur et chanteur Kid Cudi\u2009?&hellip;\n","protected":false},"author":2,"featured_media":658599,"comment_status":"","ping_status":"","sticky":false,"template":"","format":"standard","meta":{"footnotes":""},"categories":[1888],"tags":[1111,1928,11,1927,1777,674,1349,1011,27,24797,1652,12,1926,626,1925,3616,25],"class_list":{"0":"post-658598","1":"post","2":"type-post","3":"status-publish","4":"format-standard","5":"has-post-thumbnail","7":"category-paris","8":"tag-actu","9":"tag-actu-paris","10":"tag-actualites","11":"tag-actualites-paris","12":"tag-eu","13":"tag-europe","14":"tag-expositions","15":"tag-fr","16":"tag-france","17":"tag-le-marais","18":"tag-loisirs-culture","19":"tag-news","20":"tag-news-paris","21":"tag-paris","22":"tag-paris-news","23":"tag-rap","24":"tag-republique-francaise"},"share_on_mastodon":{"url":"https:\/\/pubeurope.com\/@fr\/115882823803884425","error":""},"_links":{"self":[{"href":"https:\/\/www.europesays.com\/fr\/wp-json\/wp\/v2\/posts\/658598","targetHints":{"allow":["GET"]}}],"collection":[{"href":"https:\/\/www.europesays.com\/fr\/wp-json\/wp\/v2\/posts"}],"about":[{"href":"https:\/\/www.europesays.com\/fr\/wp-json\/wp\/v2\/types\/post"}],"author":[{"embeddable":true,"href":"https:\/\/www.europesays.com\/fr\/wp-json\/wp\/v2\/users\/2"}],"replies":[{"embeddable":true,"href":"https:\/\/www.europesays.com\/fr\/wp-json\/wp\/v2\/comments?post=658598"}],"version-history":[{"count":0,"href":"https:\/\/www.europesays.com\/fr\/wp-json\/wp\/v2\/posts\/658598\/revisions"}],"wp:featuredmedia":[{"embeddable":true,"href":"https:\/\/www.europesays.com\/fr\/wp-json\/wp\/v2\/media\/658599"}],"wp:attachment":[{"href":"https:\/\/www.europesays.com\/fr\/wp-json\/wp\/v2\/media?parent=658598"}],"wp:term":[{"taxonomy":"category","embeddable":true,"href":"https:\/\/www.europesays.com\/fr\/wp-json\/wp\/v2\/categories?post=658598"},{"taxonomy":"post_tag","embeddable":true,"href":"https:\/\/www.europesays.com\/fr\/wp-json\/wp\/v2\/tags?post=658598"}],"curies":[{"name":"wp","href":"https:\/\/api.w.org\/{rel}","templated":true}]}}