{"id":658600,"date":"2026-01-12T15:25:15","date_gmt":"2026-01-12T15:25:15","guid":{"rendered":"https:\/\/www.europesays.com\/fr\/658600\/"},"modified":"2026-01-12T15:25:15","modified_gmt":"2026-01-12T15:25:15","slug":"laurence-marion-choisie-pour-prendre-la-tete-du-secretariat-general-du-gouvernement","status":"publish","type":"post","link":"https:\/\/www.europesays.com\/fr\/658600\/","title":{"rendered":"Laurence Marion choisie pour prendre la t\u00eate du secr\u00e9tariat g\u00e9n\u00e9ral du gouvernement"},"content":{"rendered":"<p>                     <img loading=\"lazy\" decoding=\"async\" src=\"https:\/\/www.europesays.com\/fr\/wp-content\/uploads\/2026\/01\/bcbce03_upload-1-yzh8iqr4bj4r-000-1d63po.jpg\" alt=\"Laurence Marion, \u00e0 Paris, le 8\u00a0f\u00e9vrier 2018. \"   width=\"664\" height=\"443\"\/>    Laurence Marion, \u00e0 Paris, le 8\u00a0f\u00e9vrier 2018.  JACQUES DEMARTHON \/ AFP                 <\/p>\n<p class=\"article__paragraph  \">Elle dirigera la France, dans l\u2019ombre. Selon les informations du Monde, c\u2019est la haut fonctionnaire Laurence Marion qui a \u00e9t\u00e9 choisie par l\u2019ex\u00e9cutif pour occuper le poste tr\u00e8s strat\u00e9gique de secr\u00e9taire g\u00e9n\u00e9rale du gouvernement. Sa nomination doit \u00eatre act\u00e9e en conseil des ministres mercredi 14\u00a0janvier, pour une prise de poste dans la foul\u00e9e. Ag\u00e9e de 49\u00a0ans, l\u2019actuelle directrice des affaires juridiques du minist\u00e8re des arm\u00e9es succ\u00e9dera \u00e0 <a href=\"https:\/\/www.lemonde.fr\/politique\/article\/2026\/01\/05\/claire-landais-va-quitter-son-poste-de-secretaire-generale-du-gouvernement_6660579_823448.html\" target=\"_blank\" rel=\"noopener\">Claire Landais, qui occupait le poste depuis juillet\u00a02020<\/a>. Cette derni\u00e8re, qui a quitt\u00e9 son poste \u00e0 sa demande, est pressentie pour prendre la pr\u00e9sidence du conseil d\u2019administration de l\u2019\u00e9tablissement public du parc et de la Grande Halle de La Villette, \u00e0 Paris.<\/p>\n<p>   Lire plus tard  <\/p>\n<p class=\"article__paragraph  \">Le nom de Laurence Marion circulait depuis plusieurs jours au sein de la haute fonction publique. Un autre profil figurait dans la short list, mais n\u2019a donc pas \u00e9t\u00e9 retenu par l\u2019ex\u00e9cutif, celui de l\u2019ancien directeur g\u00e9n\u00e9ral (2019-2025) de l\u2019Office fran\u00e7ais de protection des r\u00e9fugi\u00e9s et apatrides, Julien Boucher.<\/p>\n<p class=\"article__paragraph  \">Apr\u00e8s Claire Landais, Laurence Marion sera ainsi la deuxi\u00e8me femme \u00e0 occuper ce poste peu connu de la R\u00e9publique, qui rev\u00eat pourtant une dimension essentielle pour le gouvernement. Directement rattach\u00e9 \u00e0 Matignon, le secr\u00e9taire g\u00e9n\u00e9rale du gouvernement est effectivement charg\u00e9 de mettre en musique les d\u00e9cisions gouvernementales. Un d\u00e9fi de taille, <a href=\"https:\/\/www.lemonde.fr\/idees\/article\/2026\/01\/09\/budget-2026-face-au-blocage-les-voies-etroites-de-sebastien-lecornu_6661141_3232.html\" target=\"_blank\" rel=\"noopener\">au vu de l\u2019instabilit\u00e9 politique<\/a>, des changements de gouvernement et de l\u2019absence de majorit\u00e9 claire \u00e0 l\u2019Assembl\u00e9e nationale.<\/p>\n<p class=\"reading-mode-only \"><strong>Il vous reste 51.45% de cet article \u00e0 lire. La suite est r\u00e9serv\u00e9e aux abonn\u00e9s.<\/strong><\/p>\n","protected":false},"excerpt":{"rendered":"Laurence Marion, \u00e0 Paris, le 8\u00a0f\u00e9vrier 2018. JACQUES DEMARTHON \/ AFP Elle dirigera la France, dans l\u2019ombre. Selon&hellip;\n","protected":false},"author":2,"featured_media":658601,"comment_status":"","ping_status":"","sticky":false,"template":"","format":"standard","meta":{"footnotes":""},"categories":[1888],"tags":[1111,1928,11,1927,1777,674,1011,27,12,1926,626,1925,25],"class_list":{"0":"post-658600","1":"post","2":"type-post","3":"status-publish","4":"format-standard","5":"has-post-thumbnail","7":"category-paris","8":"tag-actu","9":"tag-actu-paris","10":"tag-actualites","11":"tag-actualites-paris","12":"tag-eu","13":"tag-europe","14":"tag-fr","15":"tag-france","16":"tag-news","17":"tag-news-paris","18":"tag-paris","19":"tag-paris-news","20":"tag-republique-francaise"},"share_on_mastodon":{"url":"https:\/\/pubeurope.com\/@fr\/115882827706644703","error":""},"_links":{"self":[{"href":"https:\/\/www.europesays.com\/fr\/wp-json\/wp\/v2\/posts\/658600","targetHints":{"allow":["GET"]}}],"collection":[{"href":"https:\/\/www.europesays.com\/fr\/wp-json\/wp\/v2\/posts"}],"about":[{"href":"https:\/\/www.europesays.com\/fr\/wp-json\/wp\/v2\/types\/post"}],"author":[{"embeddable":true,"href":"https:\/\/www.europesays.com\/fr\/wp-json\/wp\/v2\/users\/2"}],"replies":[{"embeddable":true,"href":"https:\/\/www.europesays.com\/fr\/wp-json\/wp\/v2\/comments?post=658600"}],"version-history":[{"count":0,"href":"https:\/\/www.europesays.com\/fr\/wp-json\/wp\/v2\/posts\/658600\/revisions"}],"wp:featuredmedia":[{"embeddable":true,"href":"https:\/\/www.europesays.com\/fr\/wp-json\/wp\/v2\/media\/658601"}],"wp:attachment":[{"href":"https:\/\/www.europesays.com\/fr\/wp-json\/wp\/v2\/media?parent=658600"}],"wp:term":[{"taxonomy":"category","embeddable":true,"href":"https:\/\/www.europesays.com\/fr\/wp-json\/wp\/v2\/categories?post=658600"},{"taxonomy":"post_tag","embeddable":true,"href":"https:\/\/www.europesays.com\/fr\/wp-json\/wp\/v2\/tags?post=658600"}],"curies":[{"name":"wp","href":"https:\/\/api.w.org\/{rel}","templated":true}]}}