{"id":658610,"date":"2026-01-12T15:30:13","date_gmt":"2026-01-12T15:30:13","guid":{"rendered":"https:\/\/www.europesays.com\/fr\/658610\/"},"modified":"2026-01-12T15:30:13","modified_gmt":"2026-01-12T15:30:13","slug":"wall-street-ouvre-en-baisse-lundi-le-bras-de-fer-entre-trump-et-powell-inq","status":"publish","type":"post","link":"https:\/\/www.europesays.com\/fr\/658610\/","title":{"rendered":"Wall Street ouvre en baisse lundi, le bras de fer entre Trump et Powell inq"},"content":{"rendered":"<p>&#13;<br \/>\n            <img decoding=\"async\" src=\"https:\/\/www.europesays.com\/fr\/wp-content\/uploads\/2025\/12\/1767012612_308_817-c.jpg\" alt=\"bourse S&amp;P 500\"\/><\/p>\n<p>(Agefi-Dow Jones)&#8211;La Bourse de New York a ouvert en baisse lundi,<br \/>\ndans le sillage d&rsquo;un regain de tensions entre l&rsquo;administration Trump et<br \/>\nla R\u00e9serve f\u00e9d\u00e9rale (Fed) qui alimente les<br \/>\ninqui\u00e9tudes sur l&rsquo;ind\u00e9pendance de la banque centrale.<\/p>\n<p>L&rsquo;<a href=\"https:\/\/www.abcbourse.com\/cotation\/DJIAx\" target=\"_blank\" rel=\"noopener\">indice Dow Jones<\/a> perdait 0,5% en d\u00e9but de s\u00e9ance, \u00e0<br \/>\n49.272 points, mais le S&amp;P 500 refluait de 0,2%, \u00e0 6.954 points. Le<br \/>\nNasdaq Composite, riche en valeurs technologiques, abandonnait 0,8%,<br \/>\n\u00e0 23.629 points.<\/p>\n<p>Le pr\u00e9sident de la Fed, Jerome Powell, a affirm\u00e9 avoir<br \/>\nre\u00e7u vendredi une citation \u00e0 compara\u00eetre devant un grand<br \/>\njury de la part du d\u00e9partement de la Justice, \u00e0 la suite de<br \/>\nses d\u00e9clarations concernant le co\u00fbt de la r\u00e9novation du<br \/>\nb\u00e2timent de la banque centrale l&rsquo;\u00e9t\u00e9 dernier.<\/p>\n<p>Au cours de l&rsquo;ann\u00e9e \u00e9coul\u00e9e, le pr\u00e9sident<br \/>\nam\u00e9ricain Donald Trump a critiqu\u00e9 \u00e0 plusieurs reprises la<br \/>\ngestion de ce projet, qui a connu d&rsquo;importants d\u00e9passements de<br \/>\nco\u00fbts, et avait menac\u00e9 d&rsquo;intenter des poursuites contre Jerome<br \/>\nPowell avant m\u00eame l&rsquo;ouverture d&rsquo;une enqu\u00eate sur le sujet par<br \/>\nle d\u00e9partement de la Justice.<\/p>\n<p>Dans une vid\u00e9o publi\u00e9e sur le site de la Fed, le banquier<br \/>\ncentral a qualifi\u00e9 cette proc\u00e9dure de \u00ab\u00a0pr\u00e9texte\u00a0\u00bb pour<br \/>\nfaire pression sur l&rsquo;institution afin d&rsquo;obtenir des baisses de taux<br \/>\nd&rsquo;int\u00e9r\u00eat. \u00ab\u00a0La menace de poursuites p\u00e9nales est la<br \/>\ncons\u00e9quence (de la d\u00e9cision) de la Fed de fixer les taux<br \/>\nd&rsquo;int\u00e9r\u00eat sur la base de notre meilleure \u00e9valuation de ce<br \/>\nqui servira l&rsquo;int\u00e9r\u00eat public, au lieu de suivre les<br \/>\npr\u00e9f\u00e9rences du pr\u00e9sident\u00a0\u00bb, a d\u00e9clar\u00e9 Jerome<br \/>\nPowell.<\/p>\n<p>La \u00ab\u00a0confrontation ouverte entre l&rsquo;ex\u00e9cutif et la R\u00e9serve<br \/>\nf\u00e9d\u00e9rale alimente les inqui\u00e9tudes autour de<br \/>\nl&rsquo;ind\u00e9pendance de la politique mon\u00e9taire, un pilier central de<br \/>\nla cr\u00e9dibilit\u00e9 financi\u00e8re am\u00e9ricaine\u00a0\u00bb, commente<br \/>\nJean-Fran\u00e7ois Faure, fondateur du groupe AuCoffre.<\/p>\n<p>\u00ab\u00a0Cette crise institutionnelle renforce la d\u00e9fiance des<br \/>\ninvestisseurs \u00e0 l&rsquo;\u00e9gard des actifs risqu\u00e9s et du dollar,<br \/>\ndans un contexte o\u00f9 la visibilit\u00e9 sur la trajectoire<br \/>\n\u00e9conomique et mon\u00e9taire se d\u00e9grade\u00a0\u00bb, ajoute l&rsquo;expert.<br \/>\nDans un tel climat, l&rsquo;or a atteint un nouveau record \u00e0 plus de<br \/>\n4.600 dollars l&rsquo;once.<\/p>\n<p>En parall\u00e8le, les tensions g\u00e9opolitiques au Moyen-Orient, avec<br \/>\nl&rsquo;Iran au centre des pr\u00e9occupations, incitent les investisseurs<br \/>\n\u00e0 la prudence.<\/p>\n<p>Durant les prochains jours, le march\u00e9 se montrera attentif \u00e0<br \/>\nde nouvelles donn\u00e9es d&rsquo;inflation aux Etats-Unis, ainsi qu&rsquo;au coup<br \/>\nd&rsquo;envoi par les banques am\u00e9ricaines de la saison des r\u00e9sultats<br \/>\nau titre du quatri\u00e8me trimestre.<\/p>\n<p>Sur le march\u00e9 des changes, l&rsquo;indice DXY, qui mesure la valeur du<br \/>\nbillet vert face \u00e0 un panier de devises, recule de 0,3%, \u00e0<br \/>\n98,82 points.<\/p>\n<p>EVENEMENTS A VENIR:<\/p>\n<p>-18h30: allocution du pr\u00e9sident de la Fed d&rsquo;Atlanta Raphael Bostic<\/p>\n<p>Agefi-Dow Jones The financial newswire<\/p>\n<p>&#13;<br \/>\n            &#13;<\/p>\n<p>Vous avez aim\u00e9 cet article ? Partagez-le avec vos amis avec les boutons ci-dessous.<\/p>\n","protected":false},"excerpt":{"rendered":"&#13; (Agefi-Dow Jones)&#8211;La Bourse de New York a ouvert en baisse lundi, dans le sillage d&rsquo;un regain de&hellip;\n","protected":false},"author":2,"featured_media":581421,"comment_status":"","ping_status":"","sticky":false,"template":"","format":"standard","meta":{"footnotes":""},"categories":[1589],"tags":[11,73,1866,12,1864,1865,1863,308],"class_list":{"0":"post-658610","1":"post","2":"type-post","3":"status-publish","4":"format-standard","5":"has-post-thumbnail","7":"category-etats-unis","8":"tag-actualites","9":"tag-etats-unis","10":"tag-etats-unis-damerique","11":"tag-news","12":"tag-united-states","13":"tag-united-states-of-america","14":"tag-us","15":"tag-usa"},"share_on_mastodon":{"url":"https:\/\/pubeurope.com\/@fr\/115882847425668809","error":""},"_links":{"self":[{"href":"https:\/\/www.europesays.com\/fr\/wp-json\/wp\/v2\/posts\/658610","targetHints":{"allow":["GET"]}}],"collection":[{"href":"https:\/\/www.europesays.com\/fr\/wp-json\/wp\/v2\/posts"}],"about":[{"href":"https:\/\/www.europesays.com\/fr\/wp-json\/wp\/v2\/types\/post"}],"author":[{"embeddable":true,"href":"https:\/\/www.europesays.com\/fr\/wp-json\/wp\/v2\/users\/2"}],"replies":[{"embeddable":true,"href":"https:\/\/www.europesays.com\/fr\/wp-json\/wp\/v2\/comments?post=658610"}],"version-history":[{"count":0,"href":"https:\/\/www.europesays.com\/fr\/wp-json\/wp\/v2\/posts\/658610\/revisions"}],"wp:featuredmedia":[{"embeddable":true,"href":"https:\/\/www.europesays.com\/fr\/wp-json\/wp\/v2\/media\/581421"}],"wp:attachment":[{"href":"https:\/\/www.europesays.com\/fr\/wp-json\/wp\/v2\/media?parent=658610"}],"wp:term":[{"taxonomy":"category","embeddable":true,"href":"https:\/\/www.europesays.com\/fr\/wp-json\/wp\/v2\/categories?post=658610"},{"taxonomy":"post_tag","embeddable":true,"href":"https:\/\/www.europesays.com\/fr\/wp-json\/wp\/v2\/tags?post=658610"}],"curies":[{"name":"wp","href":"https:\/\/api.w.org\/{rel}","templated":true}]}}