{"id":658611,"date":"2026-01-12T15:31:12","date_gmt":"2026-01-12T15:31:12","guid":{"rendered":"https:\/\/www.europesays.com\/fr\/658611\/"},"modified":"2026-01-12T15:31:12","modified_gmt":"2026-01-12T15:31:12","slug":"quest-ce-que-la-clause-farage-demandee-par-leurope-dans-le-cadre-de-negociations-dun-accord-de-reinitialisation-avec-le-royaume-uni","status":"publish","type":"post","link":"https:\/\/www.europesays.com\/fr\/658611\/","title":{"rendered":"Qu&rsquo;est-ce que la \u00ab\u00a0clause Farage\u00a0\u00bb, demand\u00e9e par l&rsquo;Europe dans le cadre de n\u00e9gociations d&rsquo;un accord de \u00ab\u00a0r\u00e9initialisation\u00a0\u00bb avec le Royaume-Uni\u00a0?"},"content":{"rendered":"<p class=\"ap-StoryElement ap-StoryElement--mb ap-StoryText\">Selon le Financial Times, l&rsquo;Union europ\u00e9enne souhaite imposer une clause sp\u00e9ciale dans le cadre d&rsquo;un accord de \u00ab\u00a0r\u00e9initialisation\u00a0\u00bb avec le Royaume-Uni. Ce projet vise notamment \u00e0 supprimer certaines barri\u00e8res commerciales survenues apr\u00e8s le Brexit mais pourrait aussi inclure un accord sanitaire et phytosanitaire (SPS).<\/p>\n<p class=\"ap-StoryElement ap-StoryElement--mb ap-StoryText\">Cette clause de r\u00e9tractation, surnomm\u00e9e la \u00ab\u00a0clause Farage\u00a0\u00bb, obligerait le Royaume-Uni \u00e0 verser une indemnisation importante s&rsquo;il d\u00e9cidait de se retirer de l&rsquo;accord. Les diplomates europ\u00e9ens craignent en effet une potentielle mont\u00e9e au pouvoir de Nigel Farage, le chef du parti d&rsquo;extr\u00eame droite Reform UK, et que celui-ci revienne sur l&rsquo;accord. Cette indemnit\u00e9 couvrirait les \u00ab\u00a0co\u00fbts de mise en place de l&rsquo;infrastructure et de l&rsquo;\u00e9quipement, du recrutement et de la formation initiaux afin de mettre en place les contr\u00f4les frontaliers n\u00e9cessaires\u00a0\u00bb.<\/p>\n<p>Pour acc\u00e9der \u00e0 cet article, veuillez vous connecter au r\u00e9seau internet.<\/p>\n","protected":false},"excerpt":{"rendered":"Selon le Financial Times, l&rsquo;Union europ\u00e9enne souhaite imposer une clause sp\u00e9ciale dans le cadre d&rsquo;un accord de \u00ab\u00a0r\u00e9initialisation\u00a0\u00bb&hellip;\n","protected":false},"author":2,"featured_media":658612,"comment_status":"","ping_status":"","sticky":false,"template":"","format":"standard","meta":{"footnotes":""},"categories":[1588],"tags":[11,1003,1777,674,35961,1227,12,9024,473,1853,1851,1850,1852],"class_list":{"0":"post-658611","1":"post","2":"type-post","3":"status-publish","4":"format-standard","5":"has-post-thumbnail","7":"category-royaume-uni","8":"tag-actualites","9":"tag-budget","10":"tag-eu","11":"tag-europe","12":"tag-government","13":"tag-horizontal","14":"tag-news","15":"tag-politics","16":"tag-royaume-uni","17":"tag-royaume-uni-de-grande-bretagne-et-dirlande-du-nord","18":"tag-uk","19":"tag-united-kingdom","20":"tag-united-kingdom-of-great-britain-and-northern-ireland"},"share_on_mastodon":{"url":"https:\/\/pubeurope.com\/@fr\/115882851241677537","error":""},"_links":{"self":[{"href":"https:\/\/www.europesays.com\/fr\/wp-json\/wp\/v2\/posts\/658611","targetHints":{"allow":["GET"]}}],"collection":[{"href":"https:\/\/www.europesays.com\/fr\/wp-json\/wp\/v2\/posts"}],"about":[{"href":"https:\/\/www.europesays.com\/fr\/wp-json\/wp\/v2\/types\/post"}],"author":[{"embeddable":true,"href":"https:\/\/www.europesays.com\/fr\/wp-json\/wp\/v2\/users\/2"}],"replies":[{"embeddable":true,"href":"https:\/\/www.europesays.com\/fr\/wp-json\/wp\/v2\/comments?post=658611"}],"version-history":[{"count":0,"href":"https:\/\/www.europesays.com\/fr\/wp-json\/wp\/v2\/posts\/658611\/revisions"}],"wp:featuredmedia":[{"embeddable":true,"href":"https:\/\/www.europesays.com\/fr\/wp-json\/wp\/v2\/media\/658612"}],"wp:attachment":[{"href":"https:\/\/www.europesays.com\/fr\/wp-json\/wp\/v2\/media?parent=658611"}],"wp:term":[{"taxonomy":"category","embeddable":true,"href":"https:\/\/www.europesays.com\/fr\/wp-json\/wp\/v2\/categories?post=658611"},{"taxonomy":"post_tag","embeddable":true,"href":"https:\/\/www.europesays.com\/fr\/wp-json\/wp\/v2\/tags?post=658611"}],"curies":[{"name":"wp","href":"https:\/\/api.w.org\/{rel}","templated":true}]}}