{"id":658615,"date":"2026-01-12T15:33:11","date_gmt":"2026-01-12T15:33:11","guid":{"rendered":"https:\/\/www.europesays.com\/fr\/658615\/"},"modified":"2026-01-12T15:33:11","modified_gmt":"2026-01-12T15:33:11","slug":"que-faire-dans-un-moment-gaullien-la-france-leurope-face-a-lempire-de-lombre","status":"publish","type":"post","link":"https:\/\/www.europesays.com\/fr\/658615\/","title":{"rendered":"Que faire dans un moment gaullien ? La France, l\u2019Europe face \u00e0 l\u2019Empire de l\u2019ombre"},"content":{"rendered":"<p>Il existe un moyen de r\u00e9pondre \u00e0 la nouvelle doctrine Monroe.\u00a0<\/p>\n<p>Rapha\u00ebl LLorca, dans une <a href=\"https:\/\/legrandcontinent.eu\/fr\/2026\/01\/10\/de-gaulle-muselier-resister-a-trump-au-groenland\/\" rel=\"nofollow noopener\" target=\"_blank\">\u00e9tude parue sur le Grand Continent<\/a>, montre que, au moment o\u00f9 les dirigeants europ\u00e9ens h\u00e9sitent \u00e0 condamner le n\u00e9o-imp\u00e9rialisme am\u00e9ricain de peur de froisser l\u2019alli\u00e9 militaire en Ukraine, l\u2019histoire offre un pr\u00e9c\u00e9dent peu connu de r\u00e9sistance\u00a0: \u00e0 No\u00ebl 1941, \u00e0 Saint-Pierre-et-Miquelon, la France libre a dit \u00ab\u00a0non\u00a0\u00bb aux \u00c9tats-Unis au moment o\u00f9 Roosevelt venait d\u2019entrer en guerre aux c\u00f4t\u00e9s des Alli\u00e9s.<\/p>\n<p>Dans le Grand Nord, la r\u00e9sistance aux empires avait des noms, des visages \u2014 il serait possible de s\u2019en inspirer.<\/p>\n<p>Vivons-nous aujourd\u2019hui un moment gaullien, o\u00f9 les inqui\u00e9tudes et pr\u00e9cautions de Charles de Gaulle sont confirm\u00e9es par la fragilit\u00e9 voire <a href=\"https:\/\/legrandcontinent.eu\/fr\/2024\/11\/18\/dans-la-tenaille-le-piege-de-trump-a-leurope\/\" rel=\"nofollow noopener\" target=\"_blank\">le retournement de l\u2019alliance transatlantique<\/a>\u00a0? Peut-on r\u00e9activer le r\u00e9cit gaullien aujourd\u2019hui\u00a0?\u00a0<\/p>\n<p>La France a-t-elle la capacit\u00e9 d\u2019accompagner les \u00c9tats europ\u00e9ens en qu\u00eate d\u2019autonomie et d\u2019entra\u00eener ceux qui h\u00e9sitent encore\u00a0?\u00a0<\/p>\n<p>Pourquoi les Europ\u00e9ens ne soutiennent pas plus \u00e9nergiquement la Premi\u00e8re ministre danoise qui d\u00e9fend <a href=\"https:\/\/legrandcontinent.eu\/fr\/2026\/01\/03\/discours-mette-frederiksen-groenland\/\" rel=\"nofollow noopener\" target=\"_blank\">la souverainet\u00e9 territoriale de son pays<\/a> au Gro\u00ebnland\u00a0?\u00a0<\/p>\n<p>Afin de r\u00e9pondre \u00e0 ces questions, nous aurons le grand plaisir et l\u2019honneur de recevoir <a href=\"https:\/\/legrandcontinent.eu\/fr\/p\/francois-hollande\/\" rel=\"nofollow noopener\" target=\"_blank\">Fran\u00e7ois Hollande<\/a>, d\u00e9put\u00e9 de la Corr\u00e8ze et ancien pr\u00e9sident de la R\u00e9publique.\u00a0<\/p>\n<p>Fran\u00e7ois Hollande reviendra sur ces questions, dans le cadre d\u2019une discussion avec\u00a0:\u00a0<\/p>\n<ul class=\"wp-block-list\">\n<li><a href=\"https:\/\/legrandcontinent.eu\/fr\/p\/delphine-alles\/\" rel=\"nofollow noopener\" target=\"_blank\">Delphine All\u00e8s<\/a>, vice-pr\u00e9sidente de l\u2019Institut national des langues et civilisations orientales (INALCO), professeure en science politique, auteure de Paix et s\u00e9curit\u00e9. Une anthologie d\u00e9centr\u00e9e (CNRS \u00c9ditions, 2024)\u00a0;\u00a0<\/li>\n<li><a href=\"https:\/\/legrandcontinent.eu\/fr\/p\/vincent-martigny\/\" rel=\"nofollow noopener\" target=\"_blank\">Vincent Martigny<\/a>, professeur de science politique \u00e0 l\u2019Universit\u00e9 de Nice et \u00e0 l\u2019\u00c9cole polytechnique, directeur de l\u2019ouvrage collectif \u00a0Les Temps nouveaux. En finir avec la nostalgie des Trente Glorieuses (Seuil, 2025)\u00a0;\u00a0<\/li>\n<li><a href=\"https:\/\/legrandcontinent.eu\/fr\/p\/maud-quessard\/\" rel=\"nofollow noopener\" target=\"_blank\">Maud Quessard<\/a>, ma\u00eetre de conf\u00e9rences, directrice du domaine \u00ab\u00a0Europe, Espace Transatlantique, Russie\u00a0\u00bb \u00e0 l\u2019Institut de recherches strat\u00e9giques de l\u2019\u00c9cole militaire (IRSEM)\u00a0;<\/li>\n<li>(mod\u00e9rateur) <a href=\"https:\/\/legrandcontinent.eu\/fr\/p\/gilles-gressani\/\" rel=\"nofollow noopener\" target=\"_blank\">Gilles Gressani<\/a>, directeur du Grand Continent.\u00a0<\/li>\n<\/ul>\n<p>Cet \u00e9v\u00e9nement est d\u00e9j\u00e0 complet. Les demandes d\u2019accr\u00e9ditation sp\u00e9cifiques (\u00e9tudiants de l\u2019ENS, presse) peuvent \u00eatre adress\u00e9es \u00e0 <a href=\"http:\/\/legrandcontinent.eu\/cdn-cgi\/l\/email-protection#91fcf0e3f5f8e2d1fdf4f6e3f0fff5f2feffe5f8fff4ffe5bff4e4\" rel=\"nofollow noopener\" target=\"_blank\">[email\u00a0protected]<\/a>.\u00a0<\/p>\n<p>Si vous souhaitez soutenir notre travail, vous pouvez vous abonner <a href=\"https:\/\/legrandcontinent.eu\/fr\/offre-abonnement\/\" rel=\"nofollow noopener\" target=\"_blank\">ici<\/a>.<\/p>\n","protected":false},"excerpt":{"rendered":"Il existe un moyen de r\u00e9pondre \u00e0 la nouvelle doctrine Monroe.\u00a0 Rapha\u00ebl LLorca, dans une \u00e9tude parue sur&hellip;\n","protected":false},"author":2,"featured_media":658616,"comment_status":"","ping_status":"","sticky":false,"template":"","format":"standard","meta":{"footnotes":"","_share_on_mastodon":"0"},"categories":[1586],"tags":[11,1777,674,1011,27,12,25],"class_list":["post-658615","post","type-post","status-publish","format-standard","has-post-thumbnail","category-europe","tag-actualites","tag-eu","tag-europe","tag-fr","tag-france","tag-news","tag-republique-francaise"],"share_on_mastodon":{"url":"https:\/\/pubeurope.com\/@fr\/115882859222376456","error":""},"_links":{"self":[{"href":"https:\/\/www.europesays.com\/fr\/wp-json\/wp\/v2\/posts\/658615","targetHints":{"allow":["GET"]}}],"collection":[{"href":"https:\/\/www.europesays.com\/fr\/wp-json\/wp\/v2\/posts"}],"about":[{"href":"https:\/\/www.europesays.com\/fr\/wp-json\/wp\/v2\/types\/post"}],"author":[{"embeddable":true,"href":"https:\/\/www.europesays.com\/fr\/wp-json\/wp\/v2\/users\/2"}],"replies":[{"embeddable":true,"href":"https:\/\/www.europesays.com\/fr\/wp-json\/wp\/v2\/comments?post=658615"}],"version-history":[{"count":0,"href":"https:\/\/www.europesays.com\/fr\/wp-json\/wp\/v2\/posts\/658615\/revisions"}],"wp:featuredmedia":[{"embeddable":true,"href":"https:\/\/www.europesays.com\/fr\/wp-json\/wp\/v2\/media\/658616"}],"wp:attachment":[{"href":"https:\/\/www.europesays.com\/fr\/wp-json\/wp\/v2\/media?parent=658615"}],"wp:term":[{"taxonomy":"category","embeddable":true,"href":"https:\/\/www.europesays.com\/fr\/wp-json\/wp\/v2\/categories?post=658615"},{"taxonomy":"post_tag","embeddable":true,"href":"https:\/\/www.europesays.com\/fr\/wp-json\/wp\/v2\/tags?post=658615"}],"curies":[{"name":"wp","href":"https:\/\/api.w.org\/{rel}","templated":true}]}}