{"id":658619,"date":"2026-01-12T15:35:11","date_gmt":"2026-01-12T15:35:11","guid":{"rendered":"https:\/\/www.europesays.com\/fr\/658619\/"},"modified":"2026-01-12T15:35:11","modified_gmt":"2026-01-12T15:35:11","slug":"ousmane-dembele-rend-hommage-a-rolland-courbis","status":"publish","type":"post","link":"https:\/\/www.europesays.com\/fr\/658619\/","title":{"rendered":"Ousmane Demb\u00e9l\u00e9 rend hommage \u00e0 Rolland Courbis"},"content":{"rendered":"<p>Depuis plusieurs mois, <a href=\"https:\/\/www.footmercato.net\/joueur\/ousmane-dembele\/\" target=\"_blank\" rel=\"noopener\">Ousmane Demb\u00e9l\u00e9<\/a> est pass\u00e9 dans une autre cat\u00e9gorie gr\u00e2ce \u00e0 son Ballon d\u2019Or qui est venu r\u00e9compenser sa grande saison 2024-2025 o\u00f9 il a tout rafl\u00e9 avec des statistiques brillantes sous la tunique du <a href=\"https:\/\/www.footmercato.net\/club\/psg\/\" target=\"_blank\" rel=\"noopener\">PSG<\/a>. 10 ans plus t\u00f4t, le natif de Vernon \u00e9tait lanc\u00e9 en professionnel \u00e0 Rennes par Rolland Courbis. Forc\u00e9ment, suite au d\u00e9c\u00e8s ce lundi du premier coach qui lui a donn\u00e9 sa chance, le num\u00e9ro 10 du PSG \u00e9tait oblig\u00e9 de poster un hommage.<\/p>\n<p>            La suite apr\u00e8s cette publicit\u00e9<\/p>\n<p>Ce lundi, en fin de matin\u00e9e, l\u2019ancien du Bar\u00e7a et de Dortmund a tenu \u00e0 honorer la m\u00e9moire de son premier entra\u00eeneur en professionnel en story Instagram : \u00abtoutes mes condol\u00e9ances. Je pense tr\u00e8s fort \u00e0 toi et \u00e0 ta famille dans ce moment difficile.\u00bb <\/p>\n<p>\n    Pub. le 12\/01\/2026 13:13<br \/>\n            &#8211; MAJ le 12\/01\/2026 15:26\n    <\/p>\n","protected":false},"excerpt":{"rendered":"Depuis plusieurs mois, Ousmane Demb\u00e9l\u00e9 est pass\u00e9 dans une autre cat\u00e9gorie gr\u00e2ce \u00e0 son Ballon d\u2019Or qui est&hellip;\n","protected":false},"author":2,"featured_media":658620,"comment_status":"","ping_status":"","sticky":false,"template":"","format":"standard","meta":{"footnotes":""},"categories":[2],"tags":[11,1011,27,12,25],"class_list":{"0":"post-658619","1":"post","2":"type-post","3":"status-publish","4":"format-standard","5":"has-post-thumbnail","7":"category-actualites","8":"tag-actualites","9":"tag-fr","10":"tag-france","11":"tag-news","12":"tag-republique-francaise"},"share_on_mastodon":{"url":"https:\/\/pubeurope.com\/@fr\/115882867226421086","error":""},"_links":{"self":[{"href":"https:\/\/www.europesays.com\/fr\/wp-json\/wp\/v2\/posts\/658619","targetHints":{"allow":["GET"]}}],"collection":[{"href":"https:\/\/www.europesays.com\/fr\/wp-json\/wp\/v2\/posts"}],"about":[{"href":"https:\/\/www.europesays.com\/fr\/wp-json\/wp\/v2\/types\/post"}],"author":[{"embeddable":true,"href":"https:\/\/www.europesays.com\/fr\/wp-json\/wp\/v2\/users\/2"}],"replies":[{"embeddable":true,"href":"https:\/\/www.europesays.com\/fr\/wp-json\/wp\/v2\/comments?post=658619"}],"version-history":[{"count":0,"href":"https:\/\/www.europesays.com\/fr\/wp-json\/wp\/v2\/posts\/658619\/revisions"}],"wp:featuredmedia":[{"embeddable":true,"href":"https:\/\/www.europesays.com\/fr\/wp-json\/wp\/v2\/media\/658620"}],"wp:attachment":[{"href":"https:\/\/www.europesays.com\/fr\/wp-json\/wp\/v2\/media?parent=658619"}],"wp:term":[{"taxonomy":"category","embeddable":true,"href":"https:\/\/www.europesays.com\/fr\/wp-json\/wp\/v2\/categories?post=658619"},{"taxonomy":"post_tag","embeddable":true,"href":"https:\/\/www.europesays.com\/fr\/wp-json\/wp\/v2\/tags?post=658619"}],"curies":[{"name":"wp","href":"https:\/\/api.w.org\/{rel}","templated":true}]}}