{"id":658621,"date":"2026-01-12T15:36:14","date_gmt":"2026-01-12T15:36:14","guid":{"rendered":"https:\/\/www.europesays.com\/fr\/658621\/"},"modified":"2026-01-12T15:36:14","modified_gmt":"2026-01-12T15:36:14","slug":"les-menaces-de-ladministration-americaine-contre-la-fed-propulsent-les-cours-de-lor-et-de-largent-a-des-sommets","status":"publish","type":"post","link":"https:\/\/www.europesays.com\/fr\/658621\/","title":{"rendered":"Les menaces de l\u2019administration am\u00e9ricaine contre la Fed propulsent les cours de l\u2019or et de l\u2019argent \u00e0 des sommets"},"content":{"rendered":"<p>                      <img loading=\"lazy\" decoding=\"async\" src=\"https:\/\/www.europesays.com\/fr\/wp-content\/uploads\/2026\/01\/f1f57d7_ftp-1-gbtqz9nd5gst-5863102-01-06.jpg\" alt=\"Des lingots d\u2019or apr\u00e8s avoir \u00e9t\u00e9 inspect\u00e9s et polis \u00e0 la raffinerie ABC de Sydney, en Australie, le 5\u00a0ao\u00fbt 2020.\"   width=\"664\" height=\"443\"\/>    Des lingots d\u2019or apr\u00e8s avoir \u00e9t\u00e9 inspect\u00e9s et polis \u00e0 la raffinerie ABC de Sydney, en Australie, le 5\u00a0ao\u00fbt 2020.  DAVID GRAY \/ AFP                            <\/p>\n<p class=\"article__paragraph  \">Un climat d\u2019aversion pour le risque r\u00e8gne, lundi 12\u00a0janvier, sur les march\u00e9s financiers apr\u00e8s les menaces de poursuites contre la R\u00e9serve f\u00e9d\u00e9rale (Fed) pour fraude de la part du minist\u00e8re de la justice am\u00e9ricain, poussant les cours de m\u00e9taux pr\u00e9cieux \u00e0 de nouveaux sommets et pesant sur les Bourses europ\u00e9ennes. Vers 9\u00a0h\u00a015, l\u2019once d\u2019or prenait 1,72\u00a0% \u00e0 4\u00a0587,17\u00a0dollars, peu apr\u00e8s avoir bondi \u00e0 un nouveau sommet historique de 4\u00a0599,87\u00a0dollars, et celle d\u2019argent grimpait de 5,59\u00a0% \u00e0 84,319\u00a0dollars apr\u00e8s avoir touch\u00e9 un nouveau record \u00e0 84,609\u00a0dollars.<\/p>\n<p>                                              Lire l\u2019analyse |  Article r\u00e9serv\u00e9 \u00e0 nos abonn\u00e9s  <a href=\"https:\/\/www.lemonde.fr\/economie\/article\/2025\/04\/28\/le-double-role-de-l-or-valeur-refuge-et-arme-politique-pour-les-banques-centrales_6600814_3234.html\" class=\"js-article-read-also catcher--favoris__link\" data-premium=\"1\" id=\"article-title-3419223\" target=\"_blank\" rel=\"noopener\">Le\u00a0double r\u00f4le de\u00a0l\u2019or, valeur refuge et arme\u00a0politique, pour les\u00a0banques centrales<\/a>    <\/p>\n<p>   Lire plus tard  <\/p>\n<p class=\"article__paragraph  \">\u00ab\u00a0Les m\u00e9taux pr\u00e9cieux b\u00e9n\u00e9ficient d\u2019un nouveau regain d\u2019aversion au risque\u00a0\u00bb avec les menaces judiciaires qui visent la Fed, qui alimentent les craintes quant \u00e0 l\u2019ind\u00e9pendance de l\u2019institution, commente Kathleen Brooks aupr\u00e8s de l\u2019Agence France-Presse (AFP), directrice de la recherche chez XTB. Le pr\u00e9sident de la Fed, Jerome Powell, a annonc\u00e9 dimanche <a href=\"https:\/\/www.federalreserve.gov\/newsevents\/speech\/powell20260111a.htm\" target=\"_blank\" rel=\"noopener\" title=\"Nouvelle fen\u00eatre\">dans un communiqu\u00e9<\/a> que la banque centrale am\u00e9ricaine avait re\u00e7u une convocation de la part du minist\u00e8re de la justice, qui pourrait conduire \u00e0 une mise en accusation, sur la base d\u2019une audition de M.\u00a0Powell en juin dernier.<\/p>\n<p class=\"article__paragraph  \">Cette convocation s\u2019inscrit dans <a href=\"https:\/\/www.lemonde.fr\/economie\/article\/2026\/01\/12\/jerome-powell-le-president-de-la-fed-vise-par-une-convocation-du-ministere-de-la-justice-americain_6661428_3234.html\" target=\"_blank\" rel=\"noopener\">le climat de forte pression exerc\u00e9 par le pr\u00e9sident am\u00e9ricain, Donald Trump<\/a>, sur l\u2019institution, afin de la pousser \u00e0 abaisser plus fortement ses taux, alors que l\u2019inflation reste toujours au-dessus de sa cible de 2\u00a0%. \u00ab\u00a0Cette menace n\u2019est pas au sujet de mon t\u00e9moignage. C\u2019est un pr\u00e9texte, la menace de poursuites est la cons\u00e9quence de la volont\u00e9 de la Fed de d\u00e9cider de ses taux dans le meilleur int\u00e9r\u00eat du public plut\u00f4t que pour r\u00e9pondre aux pr\u00e9f\u00e9rences du pr\u00e9sident\u00a0\u00bb, a d\u00e9nonc\u00e9 M. Powell dans une vid\u00e9o publi\u00e9e sur le site de la banque centrale.<\/p>\n<p>                                         Lire aussi le portrait |  Article r\u00e9serv\u00e9 \u00e0 nos abonn\u00e9s  <a href=\"https:\/\/www.lemonde.fr\/economie\/article\/2025\/09\/15\/jerome-powell-la-boussole-de-l-economie-americaine_6641265_3234.html\" class=\"js-article-read-also catcher--favoris__link\" data-premium=\"1\" id=\"article-title-3437945\" target=\"_blank\" rel=\"noopener\">Jerome Powell, la boussole de l\u2019\u00e9conomie am\u00e9ricaine<\/a>    <\/p>\n<p>   Lire plus tard  <\/p>\n<p>                            Le mandat de Jerome Powell prend fin en mai                      <\/p>\n<p class=\"article__paragraph  \">Le pr\u00e9sident am\u00e9ricain a accus\u00e9 la Fed de ne pas avoir respect\u00e9 le budget pr\u00e9vu pour la r\u00e9novation de son si\u00e8ge \u00e0 Washington, estimant qu\u2019il pouvait y avoir des cas de fraude, et avan\u00e7ant un co\u00fbt total de 3,1\u00a0milliards de dollars, contre les 2,7\u00a0milliards de dollars pr\u00e9vus, un chiffre que Jerome Powell d\u00e9ment. \u00ab\u00a0Le mandat de Jerome Powell s\u2019ach\u00e8ve en mai, rappelle Mme\u00a0Brooks. La derni\u00e8re initiative de Trump signifie que le march\u00e9 aura peu confiance dans l\u2019ind\u00e9pendance du prochain pr\u00e9sident de la Fed vis-\u00e0-vis de la Maison-Blanche.\u00a0\u00bb<\/p>\n<p class=\"article__paragraph  \">\u00ab\u00a0Les march\u00e9s pourraient envoyer un message au pr\u00e9sident (\u2026) : une politique \u00e9trang\u00e8re interventionniste est une chose, mais une ing\u00e9rence excessive dans les affaires int\u00e9rieures n\u2019est pas bienvenue\u00a0\u00bb, estime-t-elle, mettant en garde sur un potentiel \u00ab\u00a0\u00e9pisode de volatilit\u00e9\u00a0\u00bb.<\/p>\n<p>                                         Lire aussi |  Article r\u00e9serv\u00e9 \u00e0 nos abonn\u00e9s  <a href=\"https:\/\/www.lemonde.fr\/idees\/article\/2025\/09\/06\/trump-contre-la-fed-a-quoi-et-a-qui-sert-l-independance-des-banques-centrales_6639153_3232.html\" class=\"js-article-read-also catcher--favoris__link\" data-premium=\"1\" id=\"article-title-3436497\" target=\"_blank\" rel=\"noopener\">Trump contre la Fed\u00a0: \u00ab\u00a0A quoi et \u00e0 qui sert l\u2019ind\u00e9pendance des banques centrales\u00a0?\u00a0\u00bb<\/a>    <\/p>\n<p>   Lire plus tard  <\/p>\n<p class=\"article__paragraph  \">\u00ab\u00a0Si la Fed ne peut pas d\u00e9finir sa politique sur la base des donn\u00e9es \u00e9conomiques et que l\u2019inflation repart \u00e0 la hausse, il faut privil\u00e9gier les actifs qui att\u00e9nuent les risques inflationnistes\u00a0\u00bb comme \u00ab\u00a0l\u2019or, les mati\u00e8res premi\u00e8res (\u2026), les actions \u00e0 dividendes et la technologie\u00a0\u00bb, note aupr\u00e8s de l\u2019AFP Ipek Ozkardeskaya, analyste chez Swissquote.<\/p>\n<p class=\"article__paragraph  \">Les Bourses europ\u00e9ennes p\u00e2tissaient du climat d\u2019aversion pour le risque. Vers 9\u00a0h\u00a035, la Bourse de Paris perdait 0,52\u00a0%, Londres 0,14\u00a0% et Milan 0,65\u00a0% dans les premiers \u00e9changes, quand Francfort restait stable (\u2212\u00a00,03\u00a0%).<\/p>\n<p> Le Monde Guides d\u2019achat  <\/p>\n<p> <a href=\"https:\/\/www.lemonde.fr\/guides-d-achat\/article\/2022\/06\/15\/les-meilleures-gourdes-pour-remplacer-les-bouteilles-jetables_6130466_5306571.html\" class=\"inread__link js-services-inread-link\" target=\"_blank\" rel=\"noopener\">  <\/p>\n<p>Gourdes r\u00e9utilisables<\/p>\n<p>Les meilleures gourdes pour remplacer les bouteilles jetables<\/p>\n<p>Lire<\/p>\n<p> <\/a>      <\/p>\n<p> Newsletter  <\/p>\n<p> <a href=\"https:\/\/www.lemonde.fr\/newsletters\/a-la-une\/\" class=\"inread__link js-services-inread-link\" target=\"_blank\" rel=\"noopener\">  <\/p>\n<p>\u00ab A la une \u00bb<\/p>\n<p>Chaque matin, parcourez l&rsquo;essentiel de l&rsquo;actualit\u00e9 du jour avec les derniers titres du \u00ab Monde \u00bb<\/p>\n<p>S&rsquo;inscrire<\/p>\n<p> <\/a>      <\/p>\n<p> Newsletter  <\/p>\n<p> <a href=\"https:\/\/www.lemonde.fr\/newsletters\/la-revue-du-monde\/\" class=\"inread__link js-services-inread-link\" target=\"_blank\" rel=\"noopener\">  <\/p>\n<p>\u00ab La revue du Monde \u00bb<\/p>\n<p>Chaque week-end, la r\u00e9daction s\u00e9lectionne les articles de la semaine qu\u2019il ne fallait pas manquer<\/p>\n<p>S&rsquo;inscrire<\/p>\n<p> <\/a>          <\/p>\n<p> Le Monde Jeux   <\/p>\n<p> <a href=\"https:\/\/jeux.lemonde.fr\/?inread\" class=\"inread__link js-services-inread-link\" target=\"_blank\" rel=\"noopener\">  <\/p>\n<p>Chaque jour de nouvelles grilles de mots crois\u00e9s, Sudoku et mots trouv\u00e9s.<\/p>\n<p>Jouer<\/p>\n<p> <\/a>      <\/p>\n<p> Newsletter abonn\u00e9s  <\/p>\n<p> <a href=\"https:\/\/www.lemonde.fr\/newsletters\/la-lettre-eco\/\" class=\"inread__link js-services-inread-link\" target=\"_blank\" rel=\"noopener\">  <\/p>\n<p>\u00ab La lettre \u00e9co \u00bb<\/p>\n<p>Le regard du \u00ab Monde \u00bb sur l\u2019actualit\u00e9 \u00e9conomique du jour<\/p>\n<p>S&rsquo;inscrire<\/p>\n<p> <\/a>          <\/p>\n<p> Newsletter abonn\u00e9s  <\/p>\n<p> <a href=\"https:\/\/www.lemonde.fr\/newsletters\/la-lettre-des-idees\/\" class=\"inread__link js-services-inread-link\" target=\"_blank\" rel=\"noopener\">  <\/p>\n<p>\u00ab La lettre des id\u00e9es \u00bb<\/p>\n<p>Votre rendez-vous avec la vie intellectuelle<\/p>\n<p>S&rsquo;inscrire<\/p>\n<p> <\/a>      <\/p>\n<p> Newsletter abonn\u00e9s  <\/p>\n<p> <a href=\"https:\/\/www.lemonde.fr\/newsletters\/la-lettre-eco\/\" class=\"inread__link js-services-inread-link\" target=\"_blank\" rel=\"noopener\">  <\/p>\n<p>\u00ab La lettre \u00e9co \u00bb<\/p>\n<p>Le regard du \u00ab Monde \u00bb sur l\u2019actualit\u00e9 \u00e9conomique du jour<\/p>\n<p>S&rsquo;inscrire<\/p>\n<p> <\/a>             <\/p>\n<p class=\"article__paragraph  \">En parall\u00e8le de l\u2019envol\u00e9e des m\u00e9taux pr\u00e9cieux, \u00ab\u00a0le dollar recule, et la strat\u00e9gie de \u201cvente des actifs am\u00e9ricains\u201d pourrait revenir sur le devant de la sc\u00e8ne, les investisseurs remettant une nouvelle fois en question l\u2019ind\u00e9pendance de la Fed\u00a0\u00bb, souligne Kathleen Brooks. Vers 9\u00a0h\u00a015, le billet vert abandonnait 0,41\u00a0% face \u00e0 la monnaie unique, \u00e0 1,168\u00a05\u00a0dollar pour un euro.<\/p>\n<p>                                         Lire aussi |  Article r\u00e9serv\u00e9 \u00e0 nos abonn\u00e9s  <a href=\"https:\/\/www.lemonde.fr\/economie\/article\/2025\/04\/23\/a-chaque-crise-l-or-franchit-de-nouveaux-sommets-grace-a-donald-trump-il-en-a-escalade-plusieurs_6599240_3234.html\" class=\"js-article-read-also catcher--favoris__link\" data-premium=\"1\" id=\"article-title-3419582\" target=\"_blank\" rel=\"noopener\">\u00ab\u00a0A chaque crise, l\u2019or franchit de nouveaux sommets\u00a0: gr\u00e2ce \u00e0 Donald Trump, il en a escalad\u00e9 plusieurs\u00a0\u00bb<\/a>    <\/p>\n<p>   Lire plus tard  <\/p>\n<p class=\"author__detail\">  Le Monde avec AFP  <\/p>\n","protected":false},"excerpt":{"rendered":"Des lingots d\u2019or apr\u00e8s avoir \u00e9t\u00e9 inspect\u00e9s et polis \u00e0 la raffinerie ABC de Sydney, en Australie, le&hellip;\n","protected":false},"author":2,"featured_media":658622,"comment_status":"","ping_status":"","sticky":false,"template":"","format":"standard","meta":{"footnotes":""},"categories":[2],"tags":[11,1011,27,12,25],"class_list":{"0":"post-658621","1":"post","2":"type-post","3":"status-publish","4":"format-standard","5":"has-post-thumbnail","7":"category-actualites","8":"tag-actualites","9":"tag-fr","10":"tag-france","11":"tag-news","12":"tag-republique-francaise"},"share_on_mastodon":{"url":"https:\/\/pubeurope.com\/@fr\/115882871009318355","error":""},"_links":{"self":[{"href":"https:\/\/www.europesays.com\/fr\/wp-json\/wp\/v2\/posts\/658621","targetHints":{"allow":["GET"]}}],"collection":[{"href":"https:\/\/www.europesays.com\/fr\/wp-json\/wp\/v2\/posts"}],"about":[{"href":"https:\/\/www.europesays.com\/fr\/wp-json\/wp\/v2\/types\/post"}],"author":[{"embeddable":true,"href":"https:\/\/www.europesays.com\/fr\/wp-json\/wp\/v2\/users\/2"}],"replies":[{"embeddable":true,"href":"https:\/\/www.europesays.com\/fr\/wp-json\/wp\/v2\/comments?post=658621"}],"version-history":[{"count":0,"href":"https:\/\/www.europesays.com\/fr\/wp-json\/wp\/v2\/posts\/658621\/revisions"}],"wp:featuredmedia":[{"embeddable":true,"href":"https:\/\/www.europesays.com\/fr\/wp-json\/wp\/v2\/media\/658622"}],"wp:attachment":[{"href":"https:\/\/www.europesays.com\/fr\/wp-json\/wp\/v2\/media?parent=658621"}],"wp:term":[{"taxonomy":"category","embeddable":true,"href":"https:\/\/www.europesays.com\/fr\/wp-json\/wp\/v2\/categories?post=658621"},{"taxonomy":"post_tag","embeddable":true,"href":"https:\/\/www.europesays.com\/fr\/wp-json\/wp\/v2\/tags?post=658621"}],"curies":[{"name":"wp","href":"https:\/\/api.w.org\/{rel}","templated":true}]}}