{"id":658623,"date":"2026-01-12T15:37:10","date_gmt":"2026-01-12T15:37:10","guid":{"rendered":"https:\/\/www.europesays.com\/fr\/658623\/"},"modified":"2026-01-12T15:37:10","modified_gmt":"2026-01-12T15:37:10","slug":"xv-de-france-touche-face-au-leinster-nolann-le-garrec-forfait-pour-le-debut-du-tournoi-des-6-nations-2026","status":"publish","type":"post","link":"https:\/\/www.europesays.com\/fr\/658623\/","title":{"rendered":"XV de France \u2013 Touch\u00e9 face au Leinster, Nolann Le Garrec forfait pour le d\u00e9but du Tournoi des 6 Nations 2026\u00a0?"},"content":{"rendered":"<p>\n                Touch\u00e9 au niveau de l\u2019ischio lors de la d\u00e9faite sur la pelouse du Leinster ce week-end, Nolann Le Garrec serait forfait pour le d\u00e9but du Tournoi des 6 Nations 2026. Le demi de m\u00eal\u00e9e souffrirait d\u2019une d\u00e9chirure qui l\u2019\u00e9loignerait des terrains pour une dur\u00e9e d\u2019au moins trois semaines.\n            <\/p>\n<p>Nolann Le Garrec ne pourra peut-\u00eatre pas disputer le d\u00e9but <strong><a href=\"https:\/\/www.rugbyrama.fr\/rugby-a-xv\/6-nations\/\" target=\"_self\" rel=\"noopener\">du prochain Tournoi des 6 Nations<\/a><\/strong> qui d\u00e9butera le 5\u00a0f\u00e9vrier face \u00e0 l\u2019Irlande. Le demi de m\u00eal\u00e9e de La\u00a0Rochelle serait victime d\u2019une d\u00e9chirure au niveau de l\u2019ischio-jambier qui l\u2019\u00e9loignerait des terrains pour les trois prochaines semaines. Une indisponibilit\u00e9 qui le priverait donc du premier rassemblement des Bleus.<\/p>\n<p>Pour rappel, c\u2019est dans les derniers instants du match sur la pelouse du Leinster (d\u00e9faite 25-24), que le Breton s\u2019est bless\u00e9 en tentant de transformer l\u2019essai de son co\u00e9quipier \u00e0 la charni\u00e8re, Ihaia West. Une blessure qui serait en r\u00e9alit\u00e9 une rechute de sa premi\u00e8re d\u00e9chirure datant du mois d\u2019octobre dernier.<\/p>\n<p>H\u00e9catombe de bless\u00e9s au poste de demi de m\u00eal\u00e9e<\/p>\n<p>Fabien Galthi\u00e9 et son staff devront donc sans doute se passer du Rochelais pour le d\u00e9but du Tournoi des 6 Nations. Et \u00e0 ce poste, les choses pourraient vite se compliquer. Pour rappel, si Antoine Dupont fera son grand retour en \u00e9quipe de France, <strong><a href=\"https:\/\/www.rugbyrama.fr\/2026\/01\/07\/champions-cup-blesse-au-genou-maxime-lucu-bordeaux-begles-absent-au-moins-quatre-semaines-13148364.php\" target=\"_self\" rel=\"noopener\">Maxime Lucu pourrait, lui aussi, manquer le d\u00e9but du Tournoi \u00e0 cause d\u2019une blessure au genou<\/a><\/strong>. <strong><a href=\"https:\/\/www.rugbyrama.fr\/2025\/12\/29\/top-14-clermont-longue-absence-pour-baptiste-jauneau-touche-a-la-cuisse-13135864.php\" target=\"_self\" rel=\"noopener\">De m\u00eame pour Baptiste Jauneau, touch\u00e9 au niveau de la cuisse<\/a><\/strong>. Le Toulonnais, Baptiste Serin, est quant \u00e0 lui emb\u00eat\u00e9 par une blessure \u00e0 la cuisse. Enfin, \u00e0 Lyon, Baptiste Couilloud tient le choc mais reste toujours en d\u00e9licatesse avec son \u00e9paule. Une sacr\u00e9e infirmerie au poste de demi de m\u00eal\u00e9e \u00e0 un peu plus de trois semaines du premier match de ce Tournoi.<\/p>\n","protected":false},"excerpt":{"rendered":"Touch\u00e9 au niveau de l\u2019ischio lors de la d\u00e9faite sur la pelouse du Leinster ce week-end, Nolann Le&hellip;\n","protected":false},"author":2,"featured_media":658624,"comment_status":"","ping_status":"","sticky":false,"template":"","format":"standard","meta":{"footnotes":""},"categories":[4],"tags":[11,1011,27,12,15351,25,513],"class_list":{"0":"post-658623","1":"post","2":"type-post","3":"status-publish","4":"format-standard","5":"has-post-thumbnail","7":"category-france","8":"tag-actualites","9":"tag-fr","10":"tag-france","11":"tag-news","12":"tag-nolann-le-garrec","13":"tag-republique-francaise","14":"tag-xv-de-france"},"share_on_mastodon":{"url":"https:\/\/pubeurope.com\/@fr\/115882874791752012","error":""},"_links":{"self":[{"href":"https:\/\/www.europesays.com\/fr\/wp-json\/wp\/v2\/posts\/658623","targetHints":{"allow":["GET"]}}],"collection":[{"href":"https:\/\/www.europesays.com\/fr\/wp-json\/wp\/v2\/posts"}],"about":[{"href":"https:\/\/www.europesays.com\/fr\/wp-json\/wp\/v2\/types\/post"}],"author":[{"embeddable":true,"href":"https:\/\/www.europesays.com\/fr\/wp-json\/wp\/v2\/users\/2"}],"replies":[{"embeddable":true,"href":"https:\/\/www.europesays.com\/fr\/wp-json\/wp\/v2\/comments?post=658623"}],"version-history":[{"count":0,"href":"https:\/\/www.europesays.com\/fr\/wp-json\/wp\/v2\/posts\/658623\/revisions"}],"wp:featuredmedia":[{"embeddable":true,"href":"https:\/\/www.europesays.com\/fr\/wp-json\/wp\/v2\/media\/658624"}],"wp:attachment":[{"href":"https:\/\/www.europesays.com\/fr\/wp-json\/wp\/v2\/media?parent=658623"}],"wp:term":[{"taxonomy":"category","embeddable":true,"href":"https:\/\/www.europesays.com\/fr\/wp-json\/wp\/v2\/categories?post=658623"},{"taxonomy":"post_tag","embeddable":true,"href":"https:\/\/www.europesays.com\/fr\/wp-json\/wp\/v2\/tags?post=658623"}],"curies":[{"name":"wp","href":"https:\/\/api.w.org\/{rel}","templated":true}]}}