{"id":658629,"date":"2026-01-12T15:45:10","date_gmt":"2026-01-12T15:45:10","guid":{"rendered":"https:\/\/www.europesays.com\/fr\/658629\/"},"modified":"2026-01-12T15:45:10","modified_gmt":"2026-01-12T15:45:10","slug":"cc-benidorm-les-elites-francais-engages-actualite","status":"publish","type":"post","link":"https:\/\/www.europesays.com\/fr\/658629\/","title":{"rendered":"CC &#8211; Benidorm : Les \u00c9lites fran\u00e7ais engag\u00e9s &#8211; Actualit\u00e9"},"content":{"rendered":"<p>Benidorm (Espagne) sera le th\u00e9\u00e2tre le 18 janvier prochain de la dixi\u00e8me manche de la Coupe du Monde de cyclo-cross. Retrouvez ci-dessous la liste des Fran\u00e7ais qui seront pr\u00e9sents sur les deux courses Elites, femmes et hommes.<\/p>\n<p><strong>Les \u00c9lites fran\u00e7ais engag\u00e9s :<br \/><\/strong><strong>Femmes<br \/><\/strong><a class=\"rider-link mention\" href=\"https:\/\/www.directvelo.com\/coureur\/18316\/helene-clauzel\" rel=\"external noopener\" data-rider=\"18316\" target=\"_blank\"><strong>H\u00e9l\u00e8ne CLAUZEL<\/strong><\/a> (Team Eko\u00ef)<br \/><strong style=\"font-size: 17.92px;\"><a href=\"https:\/\/www.directvelo.com\/coureur\/47395\/lison-desprez\" target=\"_blank\" rel=\"noopener\">Lison DESPREZ<\/a>\u00a0<\/strong>(ACT Cycling)<br \/><strong><a href=\"https:\/\/www.directvelo.com\/coureur\/30708\/lauriane-duraffourg\" target=\"_blank\" rel=\"noopener\">Lauriane DURAFFOURG<\/a> <\/strong>(VC Ornans)\u00a0<br \/><a class=\"rider-link mention\" href=\"https:\/\/www.directvelo.com\/coureur\/25212\/amandine-fouquenet\" rel=\"external noopener\" data-rider=\"25212\" target=\"_blank\"><strong>Amandine FOUQUENET<\/strong><\/a> (Pauwels Sauzen-Altez Industriebouw)<br \/><strong><a class=\"rider-link mention\" href=\"https:\/\/www.directvelo.com\/coureur\/36918\/electa-gallezot\" rel=\"external noopener\" data-rider=\"36918\" target=\"_blank\">Electa GALLEZOT<\/a><\/strong>\u00a0(Sebmotobikes CX Team)<br \/><a class=\"rider-link mention\" href=\"https:\/\/www.directvelo.com\/coureur\/36873\/celia-gery\" rel=\"external noopener\" data-rider=\"36873\" target=\"_blank\"><strong>C\u00e9lia GERY<\/strong><\/a>\u00a0(AS Bike Racing-France Literie)\u00a0<br \/><a class=\"rider-link mention\" href=\"https:\/\/www.directvelo.com\/coureur\/43366\/amandine-muller\" rel=\"external noopener\" data-rider=\"43366\" target=\"_blank\"><strong>Amandine MULLER<\/strong><\/a> (AS Bike Racing-France Literie)<\/p>\n<p><strong>Hommes<\/strong><br \/><a class=\"rider-link mention\" href=\"https:\/\/www.directvelo.com\/coureur\/37495\/nathan-bommenel\" rel=\"external noopener\" data-rider=\"37495\" target=\"_blank\"><strong>Nathan BOMMENEL<\/strong><\/a>\u00a0\u00a0(ACT Cycling)<br \/><strong><a href=\"https:\/\/www.directvelo.com\/coureur\/29349\/timothe-gabriel\" target=\"_blank\" rel=\"noopener\">Timoth\u00e9 GABRIEL<\/a><\/strong> (Team TPM CX)<br \/><a class=\"rider-link mention\" href=\"https:\/\/www.directvelo.com\/coureur\/30796\/martin-groslambert\" rel=\"external noopener\" data-rider=\"30796\" target=\"_blank\"><strong>Martin GROSLAMBERT<\/strong><\/a>\u00a0(Sebmotobikes CX Team)<br \/><a class=\"rider-link mention\" href=\"https:\/\/www.directvelo.com\/coureur\/30794\/remi-lelandais\" rel=\"external noopener\" data-rider=\"30794\" target=\"_blank\"><strong>R\u00e9mi LELANDAIS<\/strong><\/a>\u00a0(Bourg-en-Bresse Ain Cyclisme)<br \/><strong><a class=\"rider-link mention\" href=\"https:\/\/www.directvelo.com\/coureur\/4395\/david-menut\" rel=\"external noopener\" data-rider=\"4395\" target=\"_blank\">David MENUT<\/a><\/strong> (AS Bike Racing-France Literie) &#8211; notre photo<\/p>\n","protected":false},"excerpt":{"rendered":"Benidorm (Espagne) sera le th\u00e9\u00e2tre le 18 janvier prochain de la dixi\u00e8me manche de la Coupe du Monde&hellip;\n","protected":false},"author":2,"featured_media":658630,"comment_status":"","ping_status":"","sticky":false,"template":"","format":"standard","meta":{"footnotes":""},"categories":[1411],"tags":[834,828,836,829,837,827,83,826,824,823,1154,207,814,817,815,816,822,821,832,211,839,1011,27,820,818,819,835,831,830,833,838,60,212,208,825],"class_list":{"0":"post-658629","1":"post","2":"type-post","3":"status-publish","4":"format-standard","5":"has-post-thumbnail","7":"category-cyclisme","8":"tag-attaque","9":"tag-belgique","10":"tag-braquet","11":"tag-bretagne","12":"tag-chute","13":"tag-competition","14":"tag-coupe-de-france","15":"tag-coureur","16":"tag-course-cyclisme","17":"tag-course-cycliste","18":"tag-cycling","19":"tag-cyclisme","20":"tag-direct","21":"tag-direct-velo","22":"tag-directvelo","23":"tag-directvelo-com","24":"tag-epreuve","25":"tag-epreuve-cycliste","26":"tag-federation-francaise-de-cyclisme","27":"tag-ffc","28":"tag-flandres","29":"tag-fr","30":"tag-france","31":"tag-live","32":"tag-live-course","33":"tag-live-epreuve","34":"tag-peloton","35":"tag-radio-peloton","36":"tag-radio-tour","37":"tag-ravitaillement","38":"tag-relance","39":"tag-sports","40":"tag-uci","41":"tag-velo","42":"tag-velos"},"share_on_mastodon":{"url":"https:\/\/pubeurope.com\/@fr\/115882906337650806","error":""},"_links":{"self":[{"href":"https:\/\/www.europesays.com\/fr\/wp-json\/wp\/v2\/posts\/658629","targetHints":{"allow":["GET"]}}],"collection":[{"href":"https:\/\/www.europesays.com\/fr\/wp-json\/wp\/v2\/posts"}],"about":[{"href":"https:\/\/www.europesays.com\/fr\/wp-json\/wp\/v2\/types\/post"}],"author":[{"embeddable":true,"href":"https:\/\/www.europesays.com\/fr\/wp-json\/wp\/v2\/users\/2"}],"replies":[{"embeddable":true,"href":"https:\/\/www.europesays.com\/fr\/wp-json\/wp\/v2\/comments?post=658629"}],"version-history":[{"count":0,"href":"https:\/\/www.europesays.com\/fr\/wp-json\/wp\/v2\/posts\/658629\/revisions"}],"wp:featuredmedia":[{"embeddable":true,"href":"https:\/\/www.europesays.com\/fr\/wp-json\/wp\/v2\/media\/658630"}],"wp:attachment":[{"href":"https:\/\/www.europesays.com\/fr\/wp-json\/wp\/v2\/media?parent=658629"}],"wp:term":[{"taxonomy":"category","embeddable":true,"href":"https:\/\/www.europesays.com\/fr\/wp-json\/wp\/v2\/categories?post=658629"},{"taxonomy":"post_tag","embeddable":true,"href":"https:\/\/www.europesays.com\/fr\/wp-json\/wp\/v2\/tags?post=658629"}],"curies":[{"name":"wp","href":"https:\/\/api.w.org\/{rel}","templated":true}]}}