{"id":658637,"date":"2026-01-12T15:50:12","date_gmt":"2026-01-12T15:50:12","guid":{"rendered":"https:\/\/www.europesays.com\/fr\/658637\/"},"modified":"2026-01-12T15:50:12","modified_gmt":"2026-01-12T15:50:12","slug":"avant-premiere-plus-belle-la-vie-encore-plus-belle-du-mercredi-14-janvier-2026-episode-497","status":"publish","type":"post","link":"https:\/\/www.europesays.com\/fr\/658637\/","title":{"rendered":"Avant-premi\u00e8re &#8211; Plus belle la vie, encore plus belle du mercredi 14 janvier 2026 &#8211; Episode 497"},"content":{"rendered":"<p class=\"default-2\">Dans leur enqu\u00eate, les policiers esp\u00e8rent obtenir des r\u00e9ponses d&rsquo;un t\u00e9moin cl\u00e9. Consciencieux, Thomas assiste \u00e0 son premier cours particulier avec une femme d&rsquo;affaires. En parall\u00e8le, Steve propose son aide \u00e0 un homme dans le besoin.<\/p>\n<p>Avant-premi\u00e8re<\/p>\n<p>Drame, Quotidienne20m<\/p>\n<p>Casting: Laurent K\u00e9rusor\u00e9, L\u00e9a Fran\u00e7ois, St\u00e9phane Henon, Sylvie Flepp, Anne D\u00e9cis, C\u00e9cilia HornusR\u00e9alis\u00e9 par: Marion Lallier, Nicolas Viegeolat, Olivier Chapelle, Lionel Smila, Pascal HeylbroeckPubli\u00e9 le 12 janv. 2026 \u00e0 13:47<\/p>\n","protected":false},"excerpt":{"rendered":"Dans leur enqu\u00eate, les policiers esp\u00e8rent obtenir des r\u00e9ponses d&rsquo;un t\u00e9moin cl\u00e9. Consciencieux, Thomas assiste \u00e0 son premier&hellip;\n","protected":false},"author":2,"featured_media":658638,"comment_status":"","ping_status":"","sticky":false,"template":"","format":"standard","meta":{"footnotes":""},"categories":[1356],"tags":[58,1367,1369,43037,43042,43045,43036,43043,43046,43040,43039,59,1365,1366,41047,1011,27,1368,43035,43044,43041,252,1364,43038],"class_list":{"0":"post-658637","1":"post","2":"type-post","3":"status-publish","4":"format-standard","5":"has-post-thumbnail","7":"category-television","8":"tag-divertissement","9":"tag-encore-plus-belle","10":"tag-encore-plus-belle-episode","11":"tag-encore-plus-belle-episode-tf1","12":"tag-encore-plus-belle-streaming","13":"tag-encore-plus-belle-streaming-gratuit","14":"tag-encore-plus-belle-tf1","15":"tag-encore-plus-belle-tf1-streaming","16":"tag-encore-plus-belle-tf1-streaming-gratuit","17":"tag-encore-plus-belle-tf1-video","18":"tag-encore-plus-belle-video","19":"tag-entertainment","20":"tag-episode","21":"tag-episode-plus-belle-la-vie","22":"tag-episode-tf1","23":"tag-fr","24":"tag-france","25":"tag-plus-belle-la-vie","26":"tag-serie-plus-belle-la-vie","27":"tag-streaming-gratuit-serie-plus-belle-la-vie","28":"tag-streaming-serie-plus-belle-la-vie","29":"tag-television","30":"tag-tv","31":"tag-video-serie-plus-belle-la-vie"},"share_on_mastodon":{"url":"","error":"Validation failed: Text character limit of 500 exceeded"},"_links":{"self":[{"href":"https:\/\/www.europesays.com\/fr\/wp-json\/wp\/v2\/posts\/658637","targetHints":{"allow":["GET"]}}],"collection":[{"href":"https:\/\/www.europesays.com\/fr\/wp-json\/wp\/v2\/posts"}],"about":[{"href":"https:\/\/www.europesays.com\/fr\/wp-json\/wp\/v2\/types\/post"}],"author":[{"embeddable":true,"href":"https:\/\/www.europesays.com\/fr\/wp-json\/wp\/v2\/users\/2"}],"replies":[{"embeddable":true,"href":"https:\/\/www.europesays.com\/fr\/wp-json\/wp\/v2\/comments?post=658637"}],"version-history":[{"count":0,"href":"https:\/\/www.europesays.com\/fr\/wp-json\/wp\/v2\/posts\/658637\/revisions"}],"wp:featuredmedia":[{"embeddable":true,"href":"https:\/\/www.europesays.com\/fr\/wp-json\/wp\/v2\/media\/658638"}],"wp:attachment":[{"href":"https:\/\/www.europesays.com\/fr\/wp-json\/wp\/v2\/media?parent=658637"}],"wp:term":[{"taxonomy":"category","embeddable":true,"href":"https:\/\/www.europesays.com\/fr\/wp-json\/wp\/v2\/categories?post=658637"},{"taxonomy":"post_tag","embeddable":true,"href":"https:\/\/www.europesays.com\/fr\/wp-json\/wp\/v2\/tags?post=658637"}],"curies":[{"name":"wp","href":"https:\/\/api.w.org\/{rel}","templated":true}]}}