{"id":658639,"date":"2026-01-12T15:51:11","date_gmt":"2026-01-12T15:51:11","guid":{"rendered":"https:\/\/www.europesays.com\/fr\/658639\/"},"modified":"2026-01-12T15:51:11","modified_gmt":"2026-01-12T15:51:11","slug":"ce-nest-pas-sale-que-pensez-vous-du-retour-de-lovinfun-sur-fun-radio","status":"publish","type":"post","link":"https:\/\/www.europesays.com\/fr\/658639\/","title":{"rendered":"\u00ab\u00a0Ce n\u2019est pas sale\u00a0\u00bb\u2026 Que pensez-vous du retour de \u00ab\u00a0Lovin\u2019Fun\u00a0\u00bb sur Fun Radio\u00a0?"},"content":{"rendered":"<p>C\u2019est l\u2019\u00e9mission de libre antenne que les ados et les jeunes adultes attendaient avec impatience chaque soir sur Fun Radio dans les ann\u00e9es\u00a01990. \u00ab\u00a0Lovin\u2019Fun\u00a0\u00bb, anim\u00e9e \u00e0 l\u2019\u00e9poque par Doc et <a href=\"https:\/\/www.20minutes.fr\/high-tech\/by-the-web\/4083096-20240325-x-pourquoi-morning-difool-prise-assaut-propagande-russe\" class=\"c-link c-link--is-underlined\" target=\"_blank\" rel=\"noopener\">Difool<\/a> et qui avait pour slogan \u00ab\u00a0sexe, capote et rock\u2019n\u2019roll\u00a0\u00bb, fait un nouveau come-back (elle avait <a href=\"https:\/\/www.20minutes.fr\/medias\/1186727-20130710-20130710-lovin-fun-lemission-culte-fun-radio-sexualite-retour\" class=\"c-link c-link--is-underlined\" target=\"_blank\" rel=\"noopener\">d\u00e9j\u00e0 \u00e9t\u00e9 relanc\u00e9e en\u00a02013<\/a>).<\/p>\n<p>Pr\u00e9sent\u00e9 par Maurine, le programme ne sera plus diffus\u00e9 en direct mais en audio et vid\u00e9o sur funradio.fr, tous les samedis \u00e0 partir du 14\u00a0f\u00e9vrier. \u00ab\u00a0Qu\u2019il soit question d\u2019un couple libertin, d\u2019une personne asexuelle, ou bien encore d\u2019un acteur ou d\u2019une actrice de charme qui exerce sur les plateformes, ce nouveau podcast d\u2019entretien exclusif visera \u00e0 mieux comprendre l\u2019intimit\u00e9 de chacun\u00a0\u00bb, pr\u00e9cise <a href=\"https:\/\/www.funradio.fr\/evenements\/lovin-fun-de-retour-en-podcast-sur-fun-radio-comment-y-participer-7900587674\" target=\"_blank\" class=\"c-link c-link--is-underlined\" rel=\"noopener\">le site de la radio<\/a>. Que pensez-vous de ce retour\u00a0?<\/p>\n<p>Est-ce que c\u2019est sale\u00a0?<\/p>\n<p>Comptiez-vous parmi les auditeurs de Doc et Difool au lancement de \u00ab\u00a0Lovin\u2019Fun\u00a0\u00bb\u00a0? Quels souvenirs en gardez-vous\u00a0? Cette \u00e9mission culte de la radio a-t-elle marqu\u00e9 votre jeunesse\u00a0? \u00cates-vous emball\u00e9 par le retour de ce programme en f\u00e9vrier prochain\u00a0? Racontez-nous tout\u00a0! Vos t\u00e9moignages serviront \u00e0 la r\u00e9daction d\u2019un article. Merci d\u2019avance\u00a0!<\/p>\n","protected":false},"excerpt":{"rendered":"C\u2019est l\u2019\u00e9mission de libre antenne que les ados et les jeunes adultes attendaient avec impatience chaque soir sur&hellip;\n","protected":false},"author":2,"featured_media":658640,"comment_status":"","ping_status":"","sticky":false,"template":"","format":"standard","meta":{"footnotes":""},"categories":[1355],"tags":[58,59,1011,27,500,1361,873,3725,1825,8703],"class_list":{"0":"post-658639","1":"post","2":"type-post","3":"status-publish","4":"format-standard","5":"has-post-thumbnail","7":"category-musique","8":"tag-divertissement","9":"tag-entertainment","10":"tag-fr","11":"tag-france","12":"tag-medias","13":"tag-music","14":"tag-musique","15":"tag-podcast","16":"tag-radio","17":"tag-sexualite"},"share_on_mastodon":{"url":"https:\/\/pubeurope.com\/@fr\/115882930095937244","error":""},"_links":{"self":[{"href":"https:\/\/www.europesays.com\/fr\/wp-json\/wp\/v2\/posts\/658639","targetHints":{"allow":["GET"]}}],"collection":[{"href":"https:\/\/www.europesays.com\/fr\/wp-json\/wp\/v2\/posts"}],"about":[{"href":"https:\/\/www.europesays.com\/fr\/wp-json\/wp\/v2\/types\/post"}],"author":[{"embeddable":true,"href":"https:\/\/www.europesays.com\/fr\/wp-json\/wp\/v2\/users\/2"}],"replies":[{"embeddable":true,"href":"https:\/\/www.europesays.com\/fr\/wp-json\/wp\/v2\/comments?post=658639"}],"version-history":[{"count":0,"href":"https:\/\/www.europesays.com\/fr\/wp-json\/wp\/v2\/posts\/658639\/revisions"}],"wp:featuredmedia":[{"embeddable":true,"href":"https:\/\/www.europesays.com\/fr\/wp-json\/wp\/v2\/media\/658640"}],"wp:attachment":[{"href":"https:\/\/www.europesays.com\/fr\/wp-json\/wp\/v2\/media?parent=658639"}],"wp:term":[{"taxonomy":"category","embeddable":true,"href":"https:\/\/www.europesays.com\/fr\/wp-json\/wp\/v2\/categories?post=658639"},{"taxonomy":"post_tag","embeddable":true,"href":"https:\/\/www.europesays.com\/fr\/wp-json\/wp\/v2\/tags?post=658639"}],"curies":[{"name":"wp","href":"https:\/\/api.w.org\/{rel}","templated":true}]}}