{"id":658658,"date":"2026-01-12T16:01:09","date_gmt":"2026-01-12T16:01:09","guid":{"rendered":"https:\/\/www.europesays.com\/fr\/658658\/"},"modified":"2026-01-12T16:01:09","modified_gmt":"2026-01-12T16:01:09","slug":"un-camion-de-matiere-dangereuse-se-renverse-ce-secteur-a-eviter","status":"publish","type":"post","link":"https:\/\/www.europesays.com\/fr\/658658\/","title":{"rendered":"un camion de mati\u00e8re dangereuse se renverse, ce secteur \u00e0 \u00e9viter"},"content":{"rendered":"<p>                    Par<br \/>\n        <strong><br \/>\n            <a href=\"https:\/\/actu.fr\/auteur\/mathias-souteyrat\" title=\"Consulter tous les articles de Mathias Souteyrat\" target=\"_blank\" rel=\"noopener\">Mathias Souteyrat<\/a><br \/>\n                    <\/strong><\/p>\n<p>        Publi\u00e9 le<\/p>\n<p>            12 janv. 2026 \u00e0 15h03        <\/p>\n<p>Les sapeurs-pompiers de la Loire sont mobilis\u00e9s ce lundi 12\u00a0janvier pour une intervention sur la commune de <a href=\"https:\/\/actu.fr\/auvergne-rhone-alpes\/firminy_42095\" target=\"_blank\" rel=\"noopener\">Firminy<\/a>, pr\u00e8s de <a href=\"https:\/\/actu.fr\/saint-etienne\/\" target=\"_blank\" rel=\"noopener\">Saint-\u00c9tienne<\/a>.<\/p>\n<p class=\" wall-content\">Un camion transportant des mati\u00e8res dangereuses, en l\u2019occurrence une cuve de 1\u2009000 litres d\u2019acide chlorhydrique, s\u2019est renvers\u00e9 sur la RN3, <strong>au niveau du rond-point vers l\u2019enseigne BigMat<\/strong>.<\/p>\n<p>    <a href=\"https:\/\/www.google.com\/maps\/embed?pb=!3m2!1sfr!2sfr!4v1768226209929!5m2!1sfr!2sfr!6m8!1m7!1skWrCfSTQlNHHbmtZSW5HOQ!2m2!1d45.39034907132605!2d4.280261128533946!3f346.0960992105597!4f0!5f0.7820865974627469\" title=\"Ouvrie le lien\" target=\"_blank\" rel=\"noopener\">Cliquez ici pour visualiser le contenu<\/a><\/p>\n<p>Une longue intervention<\/p>\n<p class=\" wall-content\">La pr\u00e9fecture appelle \u00e0 \u00ab\u2009\u00e9viter le secteur et rester prudents\u2009\u00bb. Il n\u2019y a pas de bless\u00e9 mais l\u2019intervention va durer quelques heures, <strong>au moins jusqu\u2019\u00e0 18 heures<\/strong>.<\/p>\n<p class=\" wall-content\">Douze engins et vingt soldats du feu ont \u00e9t\u00e9 engag\u00e9s.<\/p>\n<p>Des d\u00e9viations sur la RN88<\/p>\n<p class=\" wall-content\">Les usagers de la route sur la RN88 dans le sens Saint-\u00c9tienne \/ Le Puy-en-Velay souhaitant sortir \u00e0 Firminy sont invit\u00e9s \u00e0 suivre :<\/p>\n<ul class=\" wall-content\">\n<li>la sotie 31 pour les PL ;<\/li>\n<li>la sortie 34 pour les autres usagers ;<\/li>\n<li>Eviter la sortie 32.<\/li>\n<\/ul>\n<p class=\" wall-content\">Personnalisez votre actualit\u00e9 en ajoutant vos villes et m\u00e9dias en favori avec <a href=\"https:\/\/moncompte.actu.fr\" title=\"D\u00e9couvez Mon Actu\" rel=\"nofollow noopener\" data-trk=\"{&quot;cta&quot;:{&quot;action&quot;:&quot;https:\\\/\\\/moncompte.actu.fr&quot;,&quot;category&quot;:&quot;mon compte&quot;,&quot;from&quot;:&quot;article footer&quot;,&quot;name&quot;:&quot;Mon actu&quot;,&quot;type&quot;:&quot;cta&quot;}}\" target=\"_blank\">Mon Actu<\/a>.<\/p>\n","protected":false},"excerpt":{"rendered":"Par Mathias Souteyrat Publi\u00e9 le 12 janv. 2026 \u00e0 15h03 Les sapeurs-pompiers de la Loire sont mobilis\u00e9s ce&hellip;\n","protected":false},"author":2,"featured_media":658659,"comment_status":"","ping_status":"","sticky":false,"template":"","format":"standard","meta":{"footnotes":""},"categories":[9653],"tags":[119,1111,11,2430,1777,674,118,1011,27,12,1311,25,18458,4001],"class_list":{"0":"post-658658","1":"post","2":"type-post","3":"status-publish","4":"format-standard","5":"has-post-thumbnail","7":"category-saint-etienne","8":"tag-accident","9":"tag-actu","10":"tag-actualites","11":"tag-auvergne-rhone-alpes","12":"tag-eu","13":"tag-europe","14":"tag-faits-divers","15":"tag-fr","16":"tag-france","17":"tag-news","18":"tag-pompiers","19":"tag-republique-francaise","20":"tag-route-nationale-88-rn88","21":"tag-saint-etienne"},"share_on_mastodon":{"url":"https:\/\/pubeurope.com\/@fr\/115882969226737268","error":""},"_links":{"self":[{"href":"https:\/\/www.europesays.com\/fr\/wp-json\/wp\/v2\/posts\/658658","targetHints":{"allow":["GET"]}}],"collection":[{"href":"https:\/\/www.europesays.com\/fr\/wp-json\/wp\/v2\/posts"}],"about":[{"href":"https:\/\/www.europesays.com\/fr\/wp-json\/wp\/v2\/types\/post"}],"author":[{"embeddable":true,"href":"https:\/\/www.europesays.com\/fr\/wp-json\/wp\/v2\/users\/2"}],"replies":[{"embeddable":true,"href":"https:\/\/www.europesays.com\/fr\/wp-json\/wp\/v2\/comments?post=658658"}],"version-history":[{"count":0,"href":"https:\/\/www.europesays.com\/fr\/wp-json\/wp\/v2\/posts\/658658\/revisions"}],"wp:featuredmedia":[{"embeddable":true,"href":"https:\/\/www.europesays.com\/fr\/wp-json\/wp\/v2\/media\/658659"}],"wp:attachment":[{"href":"https:\/\/www.europesays.com\/fr\/wp-json\/wp\/v2\/media?parent=658658"}],"wp:term":[{"taxonomy":"category","embeddable":true,"href":"https:\/\/www.europesays.com\/fr\/wp-json\/wp\/v2\/categories?post=658658"},{"taxonomy":"post_tag","embeddable":true,"href":"https:\/\/www.europesays.com\/fr\/wp-json\/wp\/v2\/tags?post=658658"}],"curies":[{"name":"wp","href":"https:\/\/api.w.org\/{rel}","templated":true}]}}