{"id":658660,"date":"2026-01-12T16:02:12","date_gmt":"2026-01-12T16:02:12","guid":{"rendered":"https:\/\/www.europesays.com\/fr\/658660\/"},"modified":"2026-01-12T16:02:12","modified_gmt":"2026-01-12T16:02:12","slug":"saint-etienne-des-nichoirs-a-faucon-pelerin-installes-a-geoffroy-guichard","status":"publish","type":"post","link":"https:\/\/www.europesays.com\/fr\/658660\/","title":{"rendered":"Saint-\u00c9tienne. Des nichoirs \u00e0 faucon p\u00e8lerin install\u00e9s \u00e0 Geoffroy-Guichard"},"content":{"rendered":"<p><img loading=\"lazy\" decoding=\"async\" alt=\"\u00a9 Nahim idir - Saint-\u00c9tienne M\u00e9tropole installe des nichoirs au stade Geoffroy-Guichard et au Z\u00e9nith pour r\u00e9guler la pr\u00e9sence des pigeons.\" data-zoom-src=\"https:\/\/www.europesays.com\/fr\/wp-content\/uploads\/2026\/01\/initial-stade-geoffroy-guichard.jpg\" data-zoomable=\"\" height=\"702\" src=\"https:\/\/www.europesays.com\/fr\/wp-content\/uploads\/2026\/01\/initial-stade-geoffroy-guichard.jpg\" width=\"1248\"\/>  <\/p>\n<p class=\"article-desc\">\u00a9 Nahim idir &#8211; Saint-\u00c9tienne M\u00e9tropole installe des nichoirs au stade Geoffroy-Guichard et au Z\u00e9nith pour r\u00e9guler la pr\u00e9sence des pigeons. <\/p>\n<p>L\u2019ASSE n\u2019est plus la seule \u00e0 pouvoir s\u2019approprier le stade <strong>Geoffroy-Guichard<\/strong>. Depuis quelques semaines, un<strong> nichoir pour faucon p\u00e8lerin<\/strong> a \u00e9lu domicile. Plut\u00f4t \u00e0 plumes que tunique verte, cette esp\u00e8ce prot\u00e9g\u00e9e n\u2019a pas eu le droit \u00e0 une place privil\u00e9gi\u00e9e dans le Chaudron par hasard. \u00c0 l\u2019instar d\u2019autres villes dans la Loire ou en France, comme Roanne, la m\u00e9thode est de plus en plus monnaie courante. <\/p>\n<p><strong>Jean-Luc Degraix<\/strong>, vice-pr\u00e9sident \u00e0 Saint-\u00c9tienne M\u00e9tropole en charge de la commande publique, des grands \u00e9quipements m\u00e9tropolitains et des grands projets d\u2019am\u00e9nagement, d\u00e9taille : \u00ab\u00a0Face \u00e0 la prolif\u00e9ration des pigeons et des corneilles dans ce secteur, nous avons pris la mesure de tenter d\u2019agir de mani\u00e8re durable.\u00a0\u00bb<\/p>\n<p> La pr\u00e9sence des faucons p\u00e8lerins, une solution plus respectueuse de l\u2019environnement <\/p>\n<p>Des actions isol\u00e9es <strong>sont d\u00e9j\u00e0 men\u00e9es<\/strong> depuis un moment aux abords du stade, comme la venue de dresseurs de faucons pour un effet temporaire. \u00ab\u00a0Au bout de trois semaines le probl\u00e8me revient, et co\u00fbt pr\u00e8s de 10 000 euros \u00e0 la M\u00e9tropole.\u00a0\u00bb Si cette lutte peut pr\u00eater \u00e0 sourire, l\u2019entretien et les d\u00e9g\u00e2ts li\u00e9s aux fientes de ces volatiles repr\u00e9sentent <strong>10 000 \u00e0 20 000 euros <\/strong>chaque ann\u00e9e pour la M\u00e9tropole.<\/p>\n<p>Un nichoir a donc \u00e9t\u00e9 install\u00e9 dans l\u2019angle nord du stade ainsi que sur le toit du<strong> Z\u00e9nith<\/strong> de Saint-\u00c9tienne pour un co\u00fbt : \u00ab\u00a0d\u2019une centaine d\u2019euros\u00a0\u00bb, avec l\u2019espoir de voir ces faucons p\u00e8lerins \u00e9lire domicile. R\u00e9ponse d\u2019ici quelques mois pour cette solution plus respectueuse de l\u2019environnement.<\/p>\n","protected":false},"excerpt":{"rendered":"\u00a9 Nahim idir &#8211; Saint-\u00c9tienne M\u00e9tropole installe des nichoirs au stade Geoffroy-Guichard et au Z\u00e9nith pour r\u00e9guler la&hellip;\n","protected":false},"author":2,"featured_media":658661,"comment_status":"","ping_status":"","sticky":false,"template":"","format":"standard","meta":{"footnotes":""},"categories":[9653],"tags":[1111,11,2430,1777,674,1011,27,12,25,4001,9893],"class_list":{"0":"post-658660","1":"post","2":"type-post","3":"status-publish","4":"format-standard","5":"has-post-thumbnail","7":"category-saint-etienne","8":"tag-actu","9":"tag-actualites","10":"tag-auvergne-rhone-alpes","11":"tag-eu","12":"tag-europe","13":"tag-fr","14":"tag-france","15":"tag-news","16":"tag-republique-francaise","17":"tag-saint-etienne","18":"tag-saint-etienne-mu00e9tropole"},"share_on_mastodon":{"url":"https:\/\/pubeurope.com\/@fr\/115882973365380107","error":""},"_links":{"self":[{"href":"https:\/\/www.europesays.com\/fr\/wp-json\/wp\/v2\/posts\/658660","targetHints":{"allow":["GET"]}}],"collection":[{"href":"https:\/\/www.europesays.com\/fr\/wp-json\/wp\/v2\/posts"}],"about":[{"href":"https:\/\/www.europesays.com\/fr\/wp-json\/wp\/v2\/types\/post"}],"author":[{"embeddable":true,"href":"https:\/\/www.europesays.com\/fr\/wp-json\/wp\/v2\/users\/2"}],"replies":[{"embeddable":true,"href":"https:\/\/www.europesays.com\/fr\/wp-json\/wp\/v2\/comments?post=658660"}],"version-history":[{"count":0,"href":"https:\/\/www.europesays.com\/fr\/wp-json\/wp\/v2\/posts\/658660\/revisions"}],"wp:featuredmedia":[{"embeddable":true,"href":"https:\/\/www.europesays.com\/fr\/wp-json\/wp\/v2\/media\/658661"}],"wp:attachment":[{"href":"https:\/\/www.europesays.com\/fr\/wp-json\/wp\/v2\/media?parent=658660"}],"wp:term":[{"taxonomy":"category","embeddable":true,"href":"https:\/\/www.europesays.com\/fr\/wp-json\/wp\/v2\/categories?post=658660"},{"taxonomy":"post_tag","embeddable":true,"href":"https:\/\/www.europesays.com\/fr\/wp-json\/wp\/v2\/tags?post=658660"}],"curies":[{"name":"wp","href":"https:\/\/api.w.org\/{rel}","templated":true}]}}