{"id":658664,"date":"2026-01-12T16:04:13","date_gmt":"2026-01-12T16:04:13","guid":{"rendered":"https:\/\/www.europesays.com\/fr\/658664\/"},"modified":"2026-01-12T16:04:13","modified_gmt":"2026-01-12T16:04:13","slug":"lise-thimon-toute-proche-des-33-minutes","status":"publish","type":"post","link":"https:\/\/www.europesays.com\/fr\/658664\/","title":{"rendered":"Lise Thimon toute proche des 33 minutes"},"content":{"rendered":"<p>  10 km Valencia Ibercaja <br \/>Dimanche, \u00e0 Valence (ESP)<\/p>\n<p>Avec un poil d\u2019exp\u00e9rience et quelques rep\u00e8res suppl\u00e9mentaires sur la distance, le \u00ab mur \u00bb des 33 minutes se serait assur\u00e9ment inclin\u00e9 ! \u00ab Au huiti\u00e8me, je me sentais vraiment super bien et j\u2019ai acc\u00e9l\u00e9r\u00e9. Mais j\u2019ai pris peur et j\u2019ai un peu ralenti avant d\u2019en remettre dans les derniers 500 m\u00e8tres \u00bb, d\u00e9crypte une Lise Thimon (peut-\u00eatre \u00e0 peine trop) prudente, <a href=\"https:\/\/worldathletics.org\/competition\/calendar-results\/results\/7235984\" target=\"_blank\" rel=\"noopener\">dimanche dernier, \u00e0 Valence (ESP)<\/a> , o\u00f9 elle n\u2019en a pas moins r\u00e9alis\u00e9 un chrono \u00e0 la hauteur <a href=\"https:\/\/www.estrepublicain.fr\/sport\/2026\/01\/08\/10-km-de-valence-lise-thimon-en-route-pour-la-salle\" target=\"_blank\" rel=\"noopener\">de ses ambitions<\/a> : 33\u201905. Au final soixante-deuxi\u00e8me d\u2019une course d\u2019une densit\u00e9 extr\u00eame remport\u00e9e par la Kenyane Brenda Jepchirchir avec la quatri\u00e8me meilleure performance mondiale de tous les temps (29\u201925)\u2026<\/p>\n<p>Ce contenu est bloqu\u00e9 car vous n&rsquo;avez pas accept\u00e9 les cookies et autres traceurs.<\/p>\n<p>En cliquant sur \u00ab J\u2019accepte \u00bb, les cookies et autres traceurs seront d\u00e9pos\u00e9s et vous pourrez visualiser les contenus  (<a href=\"\" class=\"consentModule_policy\" target=\"_blank\" title=\"Consulter la politique de protection des donn\u00e9es du fournisseur\">plus d&rsquo;informations<\/a>).<\/p>\n<p>En cliquant sur \u00ab J\u2019accepte tous les cookies \u00bb, vous autorisez des d\u00e9p\u00f4ts de cookies et autres traceurs pour le stockage de vos donn\u00e9es sur nos sites et applications \u00e0 des fins de personnalisation et de ciblage publicitaire.<\/p>\n<p class=\"consentModule_secondaryText\">Vous gardez la possibilit\u00e9 de retirer votre consentement \u00e0 tout moment en consultant notre <a href=\"https:\/\/www.estrepublicain.fr\/protection-des-donnees\" target=\"_blank\" title=\"Consulter notre politique de protection des donn\u00e9es\" rel=\"noopener\">politique de protection des donn\u00e9es<\/a>. <br \/>&#13;<br \/>\n            <a href=\"https:\/\/www.estrepublicain.fr\/sport\/2026\/01\/12\/javascript:Didomi.notice.show()\" class=\"consentModule_cmp\" target=\"_blank\" rel=\"noopener\">G\u00e9rer mes choix<\/a>&#13;\n        <\/p>\n<p>&#13;<br \/>\n                        J&rsquo;accepte&#13;<br \/>\n            J&rsquo;accepte tous les cookies&#13;\n        <\/p>\n<p>  Un record am\u00e9lior\u00e9 de plus d\u2019une minute<\/p>\n<p>Elle-m\u00eame plus d\u2019une minute en de\u00e7\u00e0 de son pr\u00e9c\u00e9dent record personnel (34\u201917, \u00e0 Thaon, en 2024), la vice-championne de France du 3.000 m en salle, qui a pr\u00e9vu d\u2019op\u00e9rer son virage vers l\u2019indoor \u00e0 la sortie de ce dernier interm\u00e8de sur le bitume, signe au passage la troisi\u00e8me \u00ab perf \u00bb lorraine (*) de l\u2019histoire derri\u00e8re les 32\u201946 de la Vosgienne Laurane Picoche (\u00e0 Houilles, en 2012) et les 32\u201950 de la Franco-Belge Sophie Tonneau (\u00e0 Nice, en 2023).<\/p>\n<p>(*) Et m\u00eame la deuxi\u00e8me si l\u2019on consid\u00e8re que Laurane Picoche \u00e9tait alors licenci\u00e9e au SCO Sainte-Marguerite.<\/p>\n<p class=\"note\"><strong>Les principaux r\u00e9sultats.<\/strong> MESSIEURS. 1. A. Almgren (SWE) 26\u201945 (nouveau record d\u2019Europe), 2. K. Bejiga (ETH) 26\u201951, 3. V. Kipruto (KEN) 27\u201917\u2026 DAMES. 1. B. Jepchirchir (KEN) 29\u201925, 2. L. Amebaw (ETH) 29\u201929, 3. C. Ndiwa (KEN) 29\u201949\u2026 62. L. Thimon (FRA) 33\u201905\u2026<\/p>\n","protected":false},"excerpt":{"rendered":"10 km Valencia Ibercaja Dimanche, \u00e0 Valence (ESP) Avec un poil d\u2019exp\u00e9rience et quelques rep\u00e8res suppl\u00e9mentaires sur la&hellip;\n","protected":false},"author":2,"featured_media":658665,"comment_status":"","ping_status":"","sticky":false,"template":"","format":"standard","meta":{"footnotes":""},"categories":[9635],"tags":[1111,11,4132,1704,1777,674,107,1701,1011,27,775,1702,1703,12,25,517,1700],"class_list":{"0":"post-658664","1":"post","2":"type-post","3":"status-publish","4":"format-standard","5":"has-post-thumbnail","7":"category-nancy","8":"tag-actu","9":"tag-actualites","10":"tag-athletisme","11":"tag-edition-nancy-et-agglomeration","12":"tag-eu","13":"tag-europe","14":"tag-fil-info","15":"tag-fil-info-sport","16":"tag-fr","17":"tag-france","18":"tag-grand-est","19":"tag-nancy","20":"tag-nancy-ville-54b","21":"tag-news","22":"tag-republique-francaise","23":"tag-sport","24":"tag-sport-lorrain"},"share_on_mastodon":{"url":"https:\/\/pubeurope.com\/@fr\/115882981051005021","error":""},"_links":{"self":[{"href":"https:\/\/www.europesays.com\/fr\/wp-json\/wp\/v2\/posts\/658664","targetHints":{"allow":["GET"]}}],"collection":[{"href":"https:\/\/www.europesays.com\/fr\/wp-json\/wp\/v2\/posts"}],"about":[{"href":"https:\/\/www.europesays.com\/fr\/wp-json\/wp\/v2\/types\/post"}],"author":[{"embeddable":true,"href":"https:\/\/www.europesays.com\/fr\/wp-json\/wp\/v2\/users\/2"}],"replies":[{"embeddable":true,"href":"https:\/\/www.europesays.com\/fr\/wp-json\/wp\/v2\/comments?post=658664"}],"version-history":[{"count":0,"href":"https:\/\/www.europesays.com\/fr\/wp-json\/wp\/v2\/posts\/658664\/revisions"}],"wp:featuredmedia":[{"embeddable":true,"href":"https:\/\/www.europesays.com\/fr\/wp-json\/wp\/v2\/media\/658665"}],"wp:attachment":[{"href":"https:\/\/www.europesays.com\/fr\/wp-json\/wp\/v2\/media?parent=658664"}],"wp:term":[{"taxonomy":"category","embeddable":true,"href":"https:\/\/www.europesays.com\/fr\/wp-json\/wp\/v2\/categories?post=658664"},{"taxonomy":"post_tag","embeddable":true,"href":"https:\/\/www.europesays.com\/fr\/wp-json\/wp\/v2\/tags?post=658664"}],"curies":[{"name":"wp","href":"https:\/\/api.w.org\/{rel}","templated":true}]}}