{"id":658676,"date":"2026-01-12T16:10:11","date_gmt":"2026-01-12T16:10:11","guid":{"rendered":"https:\/\/www.europesays.com\/fr\/658676\/"},"modified":"2026-01-12T16:10:11","modified_gmt":"2026-01-12T16:10:11","slug":"rouen-la-metropole-lance-un-appel-a-projets-pour-le-site-bethencourt","status":"publish","type":"post","link":"https:\/\/www.europesays.com\/fr\/658676\/","title":{"rendered":"Rouen. La M\u00e9tropole lance un appel \u00e0 projets pour le site B\u00e9thencourt"},"content":{"rendered":"<p melodystyle=\"texte\">La M\u00e9tropole Rouen Normandie <a href=\"https:\/\/www.tendanceouest.com\/actualite-423871-rouen-la-nef-laureate-de-l-appel-a-projet-de-l-eglise-sainte-croix-des-pelletiers\" target=\"_blank\" rel=\"noopener\">a lanc\u00e9 un appel \u00e0 projets<\/a>, mercredi 7\u00a0janvier, concernant le site B\u00e9thencourt \u00e0 Rouen, <a href=\"https:\/\/www.tendanceouest.com\/actualite-434053-rouen-trace-frequence-points-d-interet-tout-savoir-sur-le-t5-bientot-mis-en-service\" target=\"_blank\" rel=\"noopener\">au c\u0153ur du quartier Flaubert<\/a>, pour en faire un nouveau lieu culturel.<\/p>\n<p>Plusieurs crit\u00e8res culturels, artistiques et \u00e9conomiques sont attendus<\/p>\n<p melodystyle=\"texte\">Pour transformer ce site de 16\u00a0000m2 les candidats devront prendre en compte plusieurs attendus culturels, artistiques et \u00e9conomiques. Le lieu doit offrir un espace propice \u00e0 la cr\u00e9ation et \u00e0 la pratique artistique, tant pour les amateurs que pour les professionnels. Le projet doit inclure un lieu d&rsquo;exposition et\/ou de projection, ainsi qu&rsquo;un espace d\u00e9di\u00e9 aux \u00e9v\u00e9nements et aux animations culturelles.<\/p>\n<p melodystyle=\"texte\">En ce qui concerne les activit\u00e9s \u00e9conomiques, il est essentiel que le projet int\u00e8gre une offre de restauration-bar qui encourage la consommation de produits frais, locaux, biologiques et de circuits courts. Il est important que les lieux incluent \u00e9galement des activit\u00e9s artisanales, commerciales et\/ou administratives (tertiaires) et de services.<\/p>\n<p melodystyle=\"texte\">Attention, les programmes d&rsquo;habitation, de logement ou d&rsquo;enseignement scolaire et sup\u00e9rieur ne sont pas pris en compte dans les activit\u00e9s \u00e9conomiques demand\u00e9es. De plus, le projet devra \u00eatre \u00e9conomiquement viable sans subvention ni participation publique de la M\u00e9tropole.<\/p>\n<p melodystyle=\"texte\">Une attention particuli\u00e8re sera donn\u00e9e \u00e0 la qualit\u00e9 du projet culturel propos\u00e9,<a href=\"https:\/\/www.tendanceouest.com\/actualite-415580-rouen-venez-applaudir-vos-artistes-favoris-dans-la-salle-de-concert-et-de-spectacle-le-106\" target=\"_blank\" rel=\"noopener\"> compl\u00e9mentaire aux structures voisines (105, 106 et 107),<\/a> tout en s&rsquo;int\u00e9grant aux sites bordant les quais de Seine sur la rive gauche de Rouen. Le site devra respecter les pr\u00e9conisations du Plan de pr\u00e9vention des risques inondations (PPRI). La sauvegarde de marqueurs architecturaux tels que le b\u00e2timent de l&rsquo;Horloge et des rappels \u00e0 l&rsquo;histoire portuaire, maritime et industrielle seront appr\u00e9ci\u00e9s.<\/p>\n<p>Cl\u00f4ture des candidatures<\/p>\n<p melodystyle=\"texte\">La date de cl\u00f4ture de l&rsquo;appel \u00e0 candidatures est fix\u00e9e au 13 avril 2026. Les trois candidatures qui seront s\u00e9lectionn\u00e9es auront la possibilit\u00e9 de soumettre leurs dossiers financiers et techniques jusqu&rsquo;au 2 novembre 2026. Le projet final sera retenu en 2027. Les candidats devront adresser leur dossier administratif \u00e0 l&rsquo;adresse mail suivante : <a href=\"https:\/\/www.metropole-rouen-normandie.fr\/appel-projets-pole-culturel-et-creatif\" target=\"_blank\" rel=\"noopener\">projet-bethencourt@metropole-rouen-normandie.fr.<\/a><\/p>\n","protected":false},"excerpt":{"rendered":"La M\u00e9tropole Rouen Normandie a lanc\u00e9 un appel \u00e0 projets, mercredi 7\u00a0janvier, concernant le site B\u00e9thencourt \u00e0 Rouen,&hellip;\n","protected":false},"author":2,"featured_media":658677,"comment_status":"","ping_status":"","sticky":false,"template":"","format":"standard","meta":{"footnotes":""},"categories":[9587],"tags":[1111,11,1777,674,1011,27,12,5161,25,9590],"class_list":{"0":"post-658676","1":"post","2":"type-post","3":"status-publish","4":"format-standard","5":"has-post-thumbnail","7":"category-rouen","8":"tag-actu","9":"tag-actualites","10":"tag-eu","11":"tag-europe","12":"tag-fr","13":"tag-france","14":"tag-news","15":"tag-normandie","16":"tag-republique-francaise","17":"tag-rouen"},"share_on_mastodon":{"url":"https:\/\/pubeurope.com\/@fr\/115883004722954195","error":""},"_links":{"self":[{"href":"https:\/\/www.europesays.com\/fr\/wp-json\/wp\/v2\/posts\/658676","targetHints":{"allow":["GET"]}}],"collection":[{"href":"https:\/\/www.europesays.com\/fr\/wp-json\/wp\/v2\/posts"}],"about":[{"href":"https:\/\/www.europesays.com\/fr\/wp-json\/wp\/v2\/types\/post"}],"author":[{"embeddable":true,"href":"https:\/\/www.europesays.com\/fr\/wp-json\/wp\/v2\/users\/2"}],"replies":[{"embeddable":true,"href":"https:\/\/www.europesays.com\/fr\/wp-json\/wp\/v2\/comments?post=658676"}],"version-history":[{"count":0,"href":"https:\/\/www.europesays.com\/fr\/wp-json\/wp\/v2\/posts\/658676\/revisions"}],"wp:featuredmedia":[{"embeddable":true,"href":"https:\/\/www.europesays.com\/fr\/wp-json\/wp\/v2\/media\/658677"}],"wp:attachment":[{"href":"https:\/\/www.europesays.com\/fr\/wp-json\/wp\/v2\/media?parent=658676"}],"wp:term":[{"taxonomy":"category","embeddable":true,"href":"https:\/\/www.europesays.com\/fr\/wp-json\/wp\/v2\/categories?post=658676"},{"taxonomy":"post_tag","embeddable":true,"href":"https:\/\/www.europesays.com\/fr\/wp-json\/wp\/v2\/tags?post=658676"}],"curies":[{"name":"wp","href":"https:\/\/api.w.org\/{rel}","templated":true}]}}